{"id":2029,"date":"2015-10-10T11:24:06","date_gmt":"2015-10-10T11:24:06","guid":{"rendered":"https:\/\/www.grandezzemeraviglie.it\/?p=2029"},"modified":"2025-01-21T11:20:56","modified_gmt":"2025-01-21T10:20:56","slug":"i-linguaggi-delle-arti-2015-cibi-celesti","status":"publish","type":"post","link":"https:\/\/www.grandezzemeraviglie.it\/en\/i-linguaggi-delle-arti-2015-cibi-celesti\/","title":{"rendered":"I Linguaggi delle Arti 2015 &#8211; &#8220;Cibi celesti&#8221;"},"content":{"rendered":"<p style=\"text-align: center;\">\u00a0<em><span style=\"font-size: 32pt; font-family: Garamond; color: maroon;\">Grandezze <\/span><\/em><em><span style=\"font-size: 32pt; font-family: 'Palatino Linotype'; color: maroon;\">&amp;<\/span><\/em><em><span style=\"font-size: 32pt; font-family: Garamond; color: maroon;\"> Meraviglie <\/span><\/em><\/p>\n<p style=\"text-align: center;\"><span style=\"font-size: 20pt; font-family: Garamond; font-variant: small-caps; color: maroon;\">XIX Festival Musicale Estense 2015<\/span><\/p>\n<p style=\"text-align: center;\"><span style=\"color: #ff0000; font-size: 18pt;\"><span style=\"font-family: book antiqua,palatino;\"><span style=\"font-size: 13pt; font-family: Palatino; font-variant: small-caps; color: maroon;\">Modena &#8211; Ferrara &#8211; Sassuolo &#8211; Vignola &#8211; Villa Sorra &#8211; Zocca<br \/>\n<\/span><\/span><\/span><\/p>\n<p style=\"text-align: center; line-height: normal;\"><span style=\"font-size: 18pt; color: #800000;\"><strong><span style=\"font-family: 'Times New Roman','serif';\">CIBI CELESTI<\/span><\/strong><\/span><\/p>\n<p style=\"text-align: center; line-height: normal;\"><span style=\"font-size: 12pt; font-family: 'Times New Roman','serif'; color: black;\">Incontri interdisciplinari a<\/span><span style=\"font-size: 12pt; font-family: 'Times New Roman','serif';\"><span style=\"color: black;\">\u00a0cura di Enrico Bellei e Sonia Cavicchioli<\/span><br \/>\n<span style=\"color: black;\">in collaborazione con l\u2019Universit\u00e0 degli Studi di Modena e Reggio, Monastero di San Pietro Modena e l\u2019Auditorium <em>Corelli<\/em> di Fusignano<\/span><\/span><\/p>\n<p style=\"line-height: normal; text-align: justify;\"><span style=\"font-size: 12pt; font-family: 'Times New Roman','serif';\">\u00a0<\/span><\/p>\n<p style=\"text-align: justify;\">A partire da venerd\u00ec 23 ottobre <em>Grandezze &amp; Meraviglie<\/em> all\u2019Universit\u00e0 di Modena e Reggio alle 12, nell\u2019Aula H in via San Geminiano 3, il Prof Marco Cipolloni apre la serie di incontri a ingresso libero <em>I Linguaggi delle arti: Cibi Celesti<\/em>, sei incontri che proseguiranno fino al 27 novembre, curati da Enrico Bellei e Sonia Cavicchioli. Le conferenze e presentazioni sono organizzati presso l\u2019Universit\u00e0 di Modena e Reggio Emilia, il Monastero di San Pietro e l\u2019Auditorium Corelli di Fusignano. Gli eventi intendono evidenziare, nell\u2019anno dell\u2019Expo, l\u2019interazione tra \u201cnutrimenti immateriali\u201d in diverse discipline quali la pittura, la musica, la letteratura. L\u2019Universit\u00e0 di Modena, ne ospita quattro.<\/p>\n<p style=\"text-align: justify;\">Cipolloni presenta <em>La voie Lact\u00e9e<\/em> (<em>La via Lattea<\/em>) di Louis Bunuel, un film che attraversa secoli di Cristianesimo ed eresie lungo El Camino de Santiago. All&#8217;inizio del film, Bu\u00f1uel ci avverte che &#8220;in molte lingue occidentali la Via Lattea si chiama anche La strada di San Giacomo&#8221; e che &#8220;da questo fatto deriva il nome di Compostela, Campus Stella, il campo della stella&#8221; per la citt\u00e0 di Santiago, in Spagna, collocata sulla traccia della celeste Via Lattea. Alla fine del film Luis Bu\u00f1uel scrive&#8221; Tutto ci\u00f2 che nel film riguarda la religione cattolica e le eresie che l\u2019hanno attraversata, soprattutto dal lato dei dogmi, \u00e8 rigorosamente esatto. I testi e le citazioni sono tratti sia dalle scritture che da opere di teologia e di storia ecclesiastica, antiche e moderne.&#8221;<\/p>\n<p style=\"text-align: justify;\">Gli altri appuntamenti: luned\u00ec 26 ottobre alle 16 e gioved\u00ec 29 alle 14 in Largo S. Eufemia 19, rispettivamente: <em>Le Festin di Babette<\/em>, di Karen Blixen, con la prof.ssa Bellati, e <em>Nature Morte<\/em> con Stefano Casciu. Segue ancora in via S. Geminiano gioved\u00ec 5 novembre alle 15.45: <em>Lingue e cibo<\/em>, con Cecilia Robustelli. A Fusignano venerd\u00ec 6 novembre si presenter\u00e0 il volume <em>Arcomelo 2013<\/em>, con i saggi scaturiti dal Convegno dell\u2019anniversario corelliano (2013) e la conferenza sonora \u201cUn Orfeo Romagnolo\u201d con Enrico Gatti. A chiusura, venerd\u00ec 27 novembre alla 16,30 al Monastero di S. Pietro, \u201c<em>San Benedetto incontra Re Totila\u201d<\/em>: presentazione dell\u2019affresco ritrovato, con Sabina Magrini, Sonia Cavicchioli, Luca Rubini, Vincenzo Vandelli, dedicata all\u2019importante scoperta nel monastero stesso di un affresco di Bernardino Cervi databile al primo Seicento.<\/p>\n<p style=\"text-align: center;\">\n<p style=\"text-align: center;\"><span style=\"font-family: times new roman,times; font-size: 12pt;\"><strong><span style=\"color: black;\">INFORMAZIONI <\/span><\/strong><\/span><\/p>\n<p style=\"text-align: center;\"><span style=\"font-family: times new roman,times; font-size: 12pt;\"><em><span style=\"color: black;\">Grandezze &amp; Meraviglie<\/span><\/em><\/span><\/p>\n<p style=\"text-align: center;\"><span style=\"font-size: 12pt; color: black; font-family: times new roman,times;\">Via Nazario Sauro 54, 41121 Modena<\/span><\/p>\n<p style=\"text-align: center;\"><span style=\"font-size: 12pt; font-family: times new roman,times; color: #000000;\">Tel. (+39) 059.214333 &#8211; (+39) 345.8450413<\/span><\/p>\n<p style=\"text-align: center;\"><span style=\"font-family: times new roman,times; font-size: 12pt;\"><a href=\"mailto:info@grandezzemeraviglie.it?subject=info%20dal%20sito\">info@grandezzemeraviglie.it<\/a><\/span><\/p>\n","protected":false},"excerpt":{"rendered":"<p>\u00a0Grandezze &amp; Meraviglie XIX Festival Musicale Estense 2015 Modena &#8211; Ferrara &#8211; Sassuolo &#8211; Vignola &#8211; Villa Sorra &#8211; Zocca CIBI CELESTI Incontri interdisciplinari a\u00a0cura di Enrico Bellei e Sonia [&hellip;]<\/p>\n","protected":false},"author":3,"featured_media":2028,"comment_status":"closed","ping_status":"closed","sticky":false,"template":"","format":"standard","meta":{"footnotes":""},"categories":[692],"tags":[50,51,33,52],"class_list":["post-2029","post","type-post","status-publish","format-standard","has-post-thumbnail","hentry","category-news","tag-festival-2015","tag-linguaggi-delle-arti","tag-modena","tag-universita"],"_links":{"self":[{"href":"https:\/\/www.grandezzemeraviglie.it\/en\/wp-json\/wp\/v2\/posts\/2029","targetHints":{"allow":["GET"]}}],"collection":[{"href":"https:\/\/www.grandezzemeraviglie.it\/en\/wp-json\/wp\/v2\/posts"}],"about":[{"href":"https:\/\/www.grandezzemeraviglie.it\/en\/wp-json\/wp\/v2\/types\/post"}],"author":[{"embeddable":true,"href":"https:\/\/www.grandezzemeraviglie.it\/en\/wp-json\/wp\/v2\/users\/3"}],"replies":[{"embeddable":true,"href":"https:\/\/www.grandezzemeraviglie.it\/en\/wp-json\/wp\/v2\/comments?post=2029"}],"version-history":[{"count":1,"href":"https:\/\/www.grandezzemeraviglie.it\/en\/wp-json\/wp\/v2\/posts\/2029\/revisions"}],"predecessor-version":[{"id":12738,"href":"https:\/\/www.grandezzemeraviglie.it\/en\/wp-json\/wp\/v2\/posts\/2029\/revisions\/12738"}],"wp:featuredmedia":[{"embeddable":true,"href":"https:\/\/www.grandezzemeraviglie.it\/en\/wp-json\/wp\/v2\/media\/2028"}],"wp:attachment":[{"href":"https:\/\/www.grandezzemeraviglie.it\/en\/wp-json\/wp\/v2\/media?parent=2029"}],"wp:term":[{"taxonomy":"category","embeddable":true,"href":"https:\/\/www.grandezzemeraviglie.it\/en\/wp-json\/wp\/v2\/categories?post=2029"},{"taxonomy":"post_tag","embeddable":true,"href":"https:\/\/www.grandezzemeraviglie.it\/en\/wp-json\/wp\/v2\/tags?post=2029"}],"curies":[{"name":"wp","href":"https:\/\/api.w.org\/{rel}","templated":true}]}}