{"id":2872,"date":"2017-09-11T16:21:36","date_gmt":"2017-09-11T14:21:36","guid":{"rendered":"https:\/\/www.grandezzemeraviglie.it\/?p=2872"},"modified":"2025-01-21T14:09:42","modified_gmt":"2025-01-21T13:09:42","slug":"festival-grandezze-e-meraviglie-2017-concert-modena-galleria-estense-20th-september","status":"publish","type":"post","link":"https:\/\/www.grandezzemeraviglie.it\/en\/festival-grandezze-e-meraviglie-2017-concert-modena-galleria-estense-20th-september\/","title":{"rendered":"Festival Grandezze e Meraviglie 2017 \u2013 Concert @Modena, Galleria Estense &#8211; 20th September"},"content":{"rendered":"<p style=\"text-align: center;\">Wednesday 20th September MODENA\u00a0<i>8.30 pm<\/i><\/p>\n<p style=\"text-align: center;\"><a href=\"https:\/\/www.grandezzemeraviglie.it\/festival-2017\/i-luoghi-del-festival\/\"><strong>Galleria Estense<\/strong><\/a><\/p>\n<p style=\"text-align: center;\"><b>VIAGGIO MUSICALE<\/b><\/p>\n<p style=\"text-align: center;\"><b>Da Roma al Sacro Romano Impero (1615-1682)<\/b><\/p>\n<p style=\"text-align: center;\" align=\"left\">Theorema<\/p>\n<p style=\"text-align: center;\" align=\"left\"><em>violin, viola da braccio and violin, viola da gamba\u00a0<\/em><em>and tenor cello, violone, harpsichord<\/em><\/p>\n<p style=\"text-align: center;\"><em>Buy your online ticket\u00a0<strong><a href=\"http:\/\/srvticket.artacom.it\/biglietteria\/cercaPostiPub.do?idEvento=13945\" target=\"_blank\" rel=\"noopener\">here<\/a><\/strong><\/em><\/p>\n<p style=\"text-align: center;\"><b>CONCERT PROGRAM<\/b><\/p>\n<p style=\"text-align: center;\"><em>Rome<\/em><\/p>\n<p style=\"text-align: center;\">Di GIOVANNI GIROLAMO KAPSBERGER nobile alemanno<\/p>\n<p style=\"text-align: center;\">Sinfonia ottava \u00e0 4; Ballo Primo; Gagliarda sesta; Sinfonia decimaquinta \u00e0 4; Corrente quinta.<\/p>\n<p style=\"text-align: center;\"><em>Libro Primo de Balli Gagliarde et Correnti a quattro voci &#8211; Libro Primo di Sinfonie a quattro; Roma, 1615<\/em><\/p>\n<p style=\"text-align: center;\">Di GIROLAMO FRESCOBALDI, Organista in san Pietro di Roma<\/p>\n<p style=\"text-align: center;\">Canzon seconda, Canto, Alto, Tenor e Basso, sopra Romanesca<\/p>\n<p style=\"text-align: center;\"><em>Canzoni da sonare; Roma, 1634<\/em><\/p>\n<p style=\"text-align: center;\"><em>Duchy of Mantova<\/em><\/p>\n<p style=\"text-align: center;\">Di SALAMON ROSSI Hebreo<\/p>\n<p style=\"text-align: center;\">Sinfonia \u00e0 4; Gagliarda \u00e0 4 detta la Zambalina<\/p>\n<p style=\"text-align: center;\"><em>Il Secondo Libro delle Sinfonie e Gagliarde; Venezia, 1608<\/em><\/p>\n<p style=\"text-align: center;\">D\u2019INCERTO<\/p>\n<p style=\"text-align: center;\">Baraban; Bela che mi leghi; Bertazina; Basta ben che; Perch\u00e9; Tordiglion<\/p>\n<p style=\"text-align: center;\"><em>Ms Fondo Santa Barbara 171\/1; Milano, Bibl. del conservatorio di musica G. Verdi<\/em><\/p>\n<p style=\"text-align: center;\"><em>State of Milan<\/em><\/p>\n<p style=\"text-align: center;\">Di GIOVANNI PAOLO CIMA, Organista della Gloriosa Madonna presso S. Celso di Milano<\/p>\n<p style=\"text-align: center;\">Sonata a quattro<\/p>\n<p style=\"text-align: center;\"><em>Concerti ecclesiastici<\/em>; Milano 1610<\/p>\n<p style=\"text-align: center;\">Di CARLO FARINA mantovano<\/p>\n<p style=\"text-align: center;\">Pavana quinta \u00e0 4; Aria franzesa seconda \u00e0 4<\/p>\n<p style=\"text-align: center;\"><em>Il Terzo Libro [&#8230;] di Carlo Farina mantovano. In Dresda alle spese dell\u2019istesso Autore, 1627<\/em><\/p>\n<p style=\"text-align: center;\"><em>Duchy of Modena<\/em><\/p>\n<p style=\"text-align: center;\">Di MARCO UCCELLINI capo degli Instrumentisti del Serenissimo Sig. Duca di Modana<\/p>\n<p style=\"text-align: center;\">Sonata over Canzone vigesima; Corrente terza, quinta &amp; settima a quattro<\/p>\n<p style=\"text-align: center;\"><em>Ozio Regio: compositioni armoniche sopra il violino e diversi altri strumenti, Libro Settima; Venezia, 1660<\/em><\/p>\n<p style=\"text-align: center;\"><em>Venice<\/em><\/p>\n<p style=\"text-align: center;\">Di GIOVANNI LEGRENZI<\/p>\n<p style=\"text-align: center;\">Sonata seconda \u00e0 quattro due Violini Alto e viola da brazzo<\/p>\n<p style=\"text-align: center;\"><em>La Cetra, Libro Quarto di Sonate; Venezia, 1673<\/em><\/p>\n<p style=\"text-align: center;\"><em>Wolfenb\u00fcttel: Principality of Braunschweig-Wolfenb\u00fcttel<\/em><\/p>\n<p style=\"text-align: center;\">Di GIOVANNI ROSENMILLER (Johann Rosenm\u00fcller)<\/p>\n<p style=\"text-align: center;\">Sonata Ottava \u00e0 4<\/p>\n<p style=\"text-align: center;\"><em>Sonate \u00e0 2.3.4.\u00e8 5 Stromenti da arco &amp; Altri; Norimberga, 1682<\/em><\/p>\n<p style=\"text-align: center;\"><em>\u00a0<\/em><\/p>\n<p style=\"text-align: center;\"><em>Kremsier: Bohemia (via Krom\u011b\u0159\u00ed\u017e)<\/em><\/p>\n<p style=\"text-align: center;\">Del Signor HENRICO BIBER (Heinrich Ignaz Franz Biber)<\/p>\n<p style=\"text-align: center;\">Balletti Lamentabili a 4, Composti Cremsirii 1670<\/p>\n<p style=\"text-align: center;\">Sonata; Allamanda; Sarabande; Gavotte; Gigue; Lamenti<\/p>\n<p style=\"text-align: center;\"><em>Ms. Krom\u011b\u0159\u00ed\u017e, Arcibiskupsk\u00fd z\u00e1mek &#8211; Hudebn\u00ed sb\u00edrka; CZ-Kra<\/em><\/p>\n","protected":false},"excerpt":{"rendered":"<p>Wednesday 20th September MODENA\u00a08.30 pm Galleria Estense VIAGGIO MUSICALE Da Roma al Sacro Romano Impero (1615-1682) Theorema violin, viola da braccio and violin, viola da gamba\u00a0and tenor cello, violone, harpsichord [&hellip;]<\/p>\n","protected":false},"author":2,"featured_media":15686,"comment_status":"closed","ping_status":"closed","sticky":false,"template":"","format":"standard","meta":{"footnotes":""},"categories":[1],"tags":[],"class_list":["post-2872","post","type-post","status-publish","format-standard","has-post-thumbnail","hentry","category-news-en"],"_links":{"self":[{"href":"https:\/\/www.grandezzemeraviglie.it\/en\/wp-json\/wp\/v2\/posts\/2872","targetHints":{"allow":["GET"]}}],"collection":[{"href":"https:\/\/www.grandezzemeraviglie.it\/en\/wp-json\/wp\/v2\/posts"}],"about":[{"href":"https:\/\/www.grandezzemeraviglie.it\/en\/wp-json\/wp\/v2\/types\/post"}],"author":[{"embeddable":true,"href":"https:\/\/www.grandezzemeraviglie.it\/en\/wp-json\/wp\/v2\/users\/2"}],"replies":[{"embeddable":true,"href":"https:\/\/www.grandezzemeraviglie.it\/en\/wp-json\/wp\/v2\/comments?post=2872"}],"version-history":[{"count":2,"href":"https:\/\/www.grandezzemeraviglie.it\/en\/wp-json\/wp\/v2\/posts\/2872\/revisions"}],"predecessor-version":[{"id":12697,"href":"https:\/\/www.grandezzemeraviglie.it\/en\/wp-json\/wp\/v2\/posts\/2872\/revisions\/12697"}],"wp:featuredmedia":[{"embeddable":true,"href":"https:\/\/www.grandezzemeraviglie.it\/en\/wp-json\/wp\/v2\/media\/15686"}],"wp:attachment":[{"href":"https:\/\/www.grandezzemeraviglie.it\/en\/wp-json\/wp\/v2\/media?parent=2872"}],"wp:term":[{"taxonomy":"category","embeddable":true,"href":"https:\/\/www.grandezzemeraviglie.it\/en\/wp-json\/wp\/v2\/categories?post=2872"},{"taxonomy":"post_tag","embeddable":true,"href":"https:\/\/www.grandezzemeraviglie.it\/en\/wp-json\/wp\/v2\/tags?post=2872"}],"curies":[{"name":"wp","href":"https:\/\/api.w.org\/{rel}","templated":true}]}}