{"id":10649,"date":"2024-02-29T15:47:03","date_gmt":"2024-02-29T15:47:03","guid":{"rendered":"https:\/\/www.grandezzemeraviglie.it\/?p=10649"},"modified":"2025-01-21T11:18:20","modified_gmt":"2025-01-21T10:18:20","slug":"festival-musicale-estense-incontro-galleria-estense-bigini","status":"publish","type":"post","link":"https:\/\/www.grandezzemeraviglie.it\/fr\/festival-musicale-estense-incontro-galleria-estense-bigini\/","title":{"rendered":"LA GALLERIA ESTENSE TRA ARTE E MUSICA. Genesi di una collezione"},"content":{"rendered":"\r\n<p><strong>Venerd\u00ec 15 marzo<\/strong><strong>, ore 18<br \/><\/strong><strong>Modena, <\/strong><strong>sede Grandezze &amp; Meraviglie<\/strong>, via Ganceto 40C<\/p>\r\n<p><img fetchpriority=\"high\" decoding=\"async\" class=\"alignnone wp-image-10650 size-full\" src=\"https:\/\/www.grandezzemeraviglie.it\/wp-content\/uploads\/2024\/02\/33-1.png\" alt=\"\" width=\"1100\" height=\"700\" srcset=\"https:\/\/www.grandezzemeraviglie.it\/wp-content\/uploads\/2024\/02\/33-1.png 1100w, https:\/\/www.grandezzemeraviglie.it\/wp-content\/uploads\/2024\/02\/33-1-300x191.png 300w, https:\/\/www.grandezzemeraviglie.it\/wp-content\/uploads\/2024\/02\/33-1-1024x652.png 1024w, https:\/\/www.grandezzemeraviglie.it\/wp-content\/uploads\/2024\/02\/33-1-768x489.png 768w\" sizes=\"(max-width: 1100px) 100vw, 1100px\" \/><\/p>\r\n<p><strong>LA GALLERIA ESTENSE TRA ARTE E MUSICA<br \/><\/strong><strong>Genesi di una collezione<\/strong><br \/><em>con Paola Bigini<\/em><\/p>\r\n\r\n\r\n\r\n<div class=\"x11i5rnm xat24cr x1mh8g0r x1vvkbs xtlvy1s\">\r\n<div class=\"x11i5rnm xat24cr x1mh8g0r x1vvkbs xtlvy1s\">\r\n<div class=\"x11i5rnm xat24cr x1mh8g0r x1vvkbs xtlvy1s\">\r\n<div class=\"x11i5rnm xat24cr x1mh8g0r x1vvkbs xtlvy1s\">\r\n<div class=\"x11i5rnm xat24cr x1mh8g0r x1vvkbs xtlvy1s\">\r\n<div><strong>ATTENZIONE: L\u2019ingresso \u00e8 gratuito, a causa dei pochi disponibili \u00e8 <u>obbligatoria la prenotazione, e in caso di impossibilit\u00e0 si richiede l\u2019annullamento<\/u> della propria prenotazione, per permettere la partecipazione di altri interessati. <u>La prenotazione \u00e8 valida per il solo incontro del 15<\/u>. Per la <em>Visita alla Galleria Estense<\/em> occorre una prenotazione a parte.<\/strong><\/div>\r\n<div>\u00a0<\/div>\r\n<div class=\"x11i5rnm xat24cr x1mh8g0r x1vvkbs xtlvy1s\">Il collezionismo e il mecenatismo sono due aspetti diversi ma fondamentali della storia dell&rsquo;arte e della cultura, un modo per dimostrare il proprio status sociale. Il collezionismo si concentra sulla passione di individui o istituzioni per l&rsquo;acquisizione di opere d&rsquo;arte e oggetti di valore, e nel contesto estense, pensiamo subito alla famiglia d&rsquo;Este, che ha contribuito in modo significativo alla formazione di una delle collezioni pi\u00f9 importanti d&rsquo;Europa. Dall&rsquo;altro lato, il mecenatismo coinvolge il sostegno finanziario e artistico di artisti, scienziati e creatori da parte di mecenati, spesso membri della nobilt\u00e0 o dell&rsquo;alta borghesia. Questo sostegno ha dato vita a opere d&rsquo;arte e scoperte scientifiche che altrimenti potrebbero non essere state possibili. Le collezioni estensi ne rappresentano un raffinato esempio: duchi di Ferrara, Modena e Reggio Emilia, gli Este hanno raccolto una straordinaria collezione di opere d&rsquo;arte, manoscritti e curiosit\u00e0.<\/div>\r\n<\/div>\r\n<\/div>\r\n<div>\u00a0<\/div>\r\n<div class=\"x11i5rnm xat24cr x1mh8g0r x1vvkbs xtlvy1s\">\r\n<div class=\"x11i5rnm xat24cr x1mh8g0r x1vvkbs xtlvy1s\">\r\n<div>L\u2019incontro offre il quadro del contesto culturale che si connette naturalmente con la <em>Visita guidata musicale<\/em> (sabato 16 marzo) alla Galleria Estense: una presentazione del collezionismo estense con un focus sui pregevoli strumenti musicali della Galleria Estense di Modena, che avevano una posizione di rilievo all\u2019interno della Camera delle Meraviglie ducale. Un esempio: l\u2019Arpa Estense del celebre concerto delle dame di Ferrara della fine del 16\u00b0 secolo.<\/div>\r\n<div>\u00a0<\/div>\r\n<div class=\"x11i5rnm xat24cr x1mh8g0r x1vvkbs xtlvy1s\"><strong>Paola Bigini<\/strong> \u00e8 laureata in germanistica all\u2019Universit\u00e0 di Bologna, nel corso degli anni ha rivolto i propri interessi allo studio della storia nella accezione pi\u00f9 ampia del termine, riconoscendo nel metodo di studio messo a punto dall\u2019<em>\u00c9cole des Annales<\/em> uno strumento innovativo per avvicinare il pubblico alla cultura, individuando prospettive transdisciplinari di indagine che mettono in evidenza lo stretto legame tra passato e presente. Nel 2017 ha conseguito il Master di secondo livello in <em>Public History<\/em> istituito dall\u2019Universit\u00e0 di Modena e Reggio Emilia. Collabora da diversi anni con <em>Grandezze &amp; Meraviglie<\/em>.<\/div>\r\n<\/div>\r\n<\/div>\r\n<\/div>\r\n<\/div>\r\n<\/div>\r\n\r\n\r\n\r\n<p><em><strong>INGRESSO GRATUITO &#8211; PRENOTAZIONE OBBLIGATORIA<\/strong><\/em><\/p>\r\n<p><a href=\"https:\/\/www.eventbrite.it\/e\/852924148087?aff=oddtdtcreator\" target=\"_blank\" rel=\"noopener\">Clicca qui per prenotare un posto<\/a><\/p>\r\n<p>Puoi trovare la diretta streaming dell&rsquo;incontro sulla pagina <a href=\"https:\/\/www.facebook.com\/grandezzemeraviglie?locale=it_IT\" target=\"_blank\" rel=\"noopener\">Facebook<\/a> e sul canale <a href=\"https:\/\/youtube.com\/@grandezzemeravigliefestiva2396?si=nmsLFC0CidKjs6LF\" target=\"_blank\" rel=\"noopener\">YouTube<\/a> di Grandezze &amp; Meraviglie.<\/p>\r\n\r\n\r\n\r\n<p><strong>PER INFO INCONTRO<\/strong><br \/>e-mail: segreteria.grandezzemeraviglie@gmail.com<br \/>tel: 059 214333 \/ 345 8450413 (lun-ven 09-18)<\/p>\r\n","protected":false},"excerpt":{"rendered":"","protected":false},"author":2,"featured_media":10650,"comment_status":"closed","ping_status":"open","sticky":false,"template":"","format":"standard","meta":{"footnotes":""},"categories":[692],"tags":[606,157,69,619,70,33,620,122,139,621],"class_list":["post-10649","post","type-post","status-publish","format-standard","has-post-thumbnail","hentry","category-news","tag-606","tag-conferenza","tag-festival-musicale-estense","tag-galleria-estense","tag-grandezze-meraviglie","tag-modena","tag-musica","tag-musica-antica","tag-paola-bigini","tag-visita-guidata"],"_links":{"self":[{"href":"https:\/\/www.grandezzemeraviglie.it\/fr\/wp-json\/wp\/v2\/posts\/10649","targetHints":{"allow":["GET"]}}],"collection":[{"href":"https:\/\/www.grandezzemeraviglie.it\/fr\/wp-json\/wp\/v2\/posts"}],"about":[{"href":"https:\/\/www.grandezzemeraviglie.it\/fr\/wp-json\/wp\/v2\/types\/post"}],"author":[{"embeddable":true,"href":"https:\/\/www.grandezzemeraviglie.it\/fr\/wp-json\/wp\/v2\/users\/2"}],"replies":[{"embeddable":true,"href":"https:\/\/www.grandezzemeraviglie.it\/fr\/wp-json\/wp\/v2\/comments?post=10649"}],"version-history":[{"count":1,"href":"https:\/\/www.grandezzemeraviglie.it\/fr\/wp-json\/wp\/v2\/posts\/10649\/revisions"}],"predecessor-version":[{"id":12451,"href":"https:\/\/www.grandezzemeraviglie.it\/fr\/wp-json\/wp\/v2\/posts\/10649\/revisions\/12451"}],"wp:featuredmedia":[{"embeddable":true,"href":"https:\/\/www.grandezzemeraviglie.it\/fr\/wp-json\/wp\/v2\/media\/10650"}],"wp:attachment":[{"href":"https:\/\/www.grandezzemeraviglie.it\/fr\/wp-json\/wp\/v2\/media?parent=10649"}],"wp:term":[{"taxonomy":"category","embeddable":true,"href":"https:\/\/www.grandezzemeraviglie.it\/fr\/wp-json\/wp\/v2\/categories?post=10649"},{"taxonomy":"post_tag","embeddable":true,"href":"https:\/\/www.grandezzemeraviglie.it\/fr\/wp-json\/wp\/v2\/tags?post=10649"}],"curies":[{"name":"wp","href":"https:\/\/api.w.org\/{rel}","templated":true}]}}