{"id":18806,"date":"2025-12-09T17:55:51","date_gmt":"2025-12-09T16:55:51","guid":{"rendered":"https:\/\/www.grandezzemeraviglie.it\/inauguration-mediatheque-de-grandezze-meraviglie\/"},"modified":"2025-12-09T17:55:51","modified_gmt":"2025-12-09T16:55:51","slug":"inauguration-mediatheque-de-grandezze-meraviglie","status":"publish","type":"post","link":"https:\/\/www.grandezzemeraviglie.it\/fr\/inauguration-mediatheque-de-grandezze-meraviglie\/","title":{"rendered":"INAUGURATION M\u00c9DIATH\u00c8QUE DE GRANDEZZE &amp; MERAVIGLIE"},"content":{"rendered":"<h3 style=\"text-align: left;\">Un nouveau centre pour la documentation musicale, entre histoire, recherche et innovation num\u00e9rique<\/h3>\n<p style=\"text-align: left;\">La <strong>m\u00e9diath\u00e8que de Grandezze &amp; Meraviglie<\/strong> na\u00eet \u00e0 l\u2019int\u00e9rieur de <strong><a href=\"https:\/\/www.grandezzemeraviglie.it\/it\/mediateca\/\" target=\"_blank\" rel=\"noopener\">Modena Armonica<\/a><\/strong>, un projet qui r\u00e9organise et met en valeur le patrimoine documentaire de l\u2019<strong>Associazione Musicale Estense<\/strong> et du <strong>Festival Musicale Estense<\/strong>, \u00e9tude et num\u00e9risation du patrimoine musical de Mod\u00e8ne, d\u00e9velopp\u00e9 par l\u2019Association elle-m\u00eame, qui repr\u00e9sente depuis plus de <strong>vingt-sept ans <\/strong>une des exp\u00e9riences les plus significatives dans la red\u00e9couverte et la diffusion de la <strong>musique ancienne en Italie<\/strong>.<\/p>\n<p style=\"text-align: left;\">La nouvelle m\u00e9diath\u00e8que se pr\u00e9sente comme un espace stable, ouvert et accessible, d\u00e9di\u00e9 \u00e0 la <strong>conservation<\/strong>, l\u2019<strong>utilisation<\/strong> et la <strong>diffusion<\/strong> des noyaux documentaires recueillis au cours de d\u00e9cennies d\u2019activit\u00e9 artistique, scientifique et \u00e9ditoriale.<\/p>\n<h3><\/h3>\n<h3 style=\"text-align: left;\">Inauguration mardi 16 d\u00e9cembre<\/h3>\n<p style=\"text-align: left;\">L\u2019inauguration aura lieu le <strong>mardi 16 d\u00e9cembre<\/strong>, au <strong><a href=\"https:\/\/maps.app.goo.gl\/YSir7NFXCJCRXvrV8\" target=\"_blank\" rel=\"noopener\">si\u00e8ge de Grandezze &amp; Meraviglie<\/a>, via Ganaceto 40C, Modena<\/strong>:<\/p>\n<ul>\n<li style=\"text-align: left;\"><strong>heures 15.30 &#8211; 16.30 : PR\u00c9SENTATION DE LA M\u00c9DIATH\u00c8QUE <\/strong>avec une introduction institutionnelle et des t\u00e9moignages;<\/li>\n<li style=\"text-align: left;\"><strong>heures 16.45 &#8211; 17.30 : CONCERT<\/strong> \u00e0 la Sacristie de l\u2019Eglise de San Domenico (<strong><a href=\"https:\/\/maps.app.goo.gl\/9U7NNnwGZZwMSAow9\" target=\"_blank\" rel=\"noopener\">via Tre Febbraio, 3, Modena<\/a><\/strong>) des \u00e9l\u00e8ves du s\u00e9minaire <strong><a href=\"https:\/\/www.grandezzemeraviglie.it\/it\/seminario-grauito-di-liuto-tiorba-chitarra-barocca-franco-pavan\/\" target=\"_blank\" rel=\"noopener\">Liuto, Tiorba e Chitarra Barocca <\/a><\/strong>avec Franco Pavan;<\/li>\n<li style=\"text-align: left;\"><strong>heures 18 : TOAST<\/strong> dans la M\u00e9diath\u00e8que.<\/li>\n<\/ul>\n<h3><\/h3>\n<h3 style=\"text-align: left;\">Un projet reconnu au niveau r\u00e9gional et national<\/h3>\n<p style=\"text-align: left;\">L\u2019initiative se situe dans le cadre des interventions lanc\u00e9es gr\u00e2ce au projet Modena Armonica, r\u00e9sultat parmi les premiers au niveau national dans l\u2019appel <strong>TOCC-PNRR<\/strong> du <strong>MiC<\/strong> (<em>domaine interdisciplinaire &#8211; 6o en Italie sur 223 approuv\u00e9s, 1o en Emilie-Romagne<\/em>).<\/p>\n<p style=\"text-align: left;\">Le projet est parrain\u00e9 par la <strong>Municipalit\u00e9 de Mod\u00e8ne<\/strong>, avec l\u2019apport scientifique de l\u2019<strong>Universit\u00e9 <\/strong>(<em>DhMoRe<\/em>), dans le sens d\u2019une valorisation et diffusion du patrimoine musical de Mod\u00e8ne, en ligne \u00e9galement avec les perspectives du projet <strong>AGO Modena Fabbriche Culturali<\/strong>. Le parcours d\u2019innovation a int\u00e9gr\u00e9 la <strong>production artistique<\/strong>, la <strong>recherche musicologique<\/strong> et les <strong>nouvelles technologies<\/strong>, impliquant des <strong>institutions scientifiques et culturelles nationales et locales<\/strong> (<em>ICCU<\/em>, <em>Institut central pour le catalogue unique du MIC<\/em>, <em>DhMoRe<\/em>, <em>P\u00f4le biblioth\u00e9caire de Mod\u00e8ne<\/em>).<\/p>\n<h3><\/h3>\n<h3 style=\"text-align: left;\">Activation dans le P\u00f4le Biblioth\u00e9caire et Convention avec la R\u00e9gion Emilie-Romagne<\/h3>\n<p style=\"text-align: left;\">La M\u00e9diath\u00e8que est activ\u00e9e au sein du <strong>P\u00f4le Biblioth\u00e9caire de Mod\u00e8ne<\/strong> (<em>SBN<\/em>), obtenant une reconnaissance institutionnelle stable et l\u2019int\u00e9gration dans le syst\u00e8me des biblioth\u00e8ques r\u00e9gionales et nationales.<\/p>\n<p style=\"text-align: left;\">B\u00e9n\u00e9ficie \u00e9galement de la <strong>convention avec la r\u00e9gion \u00c9milie-Romagne dans le cadre du L.R. 18\/2000<\/strong> (<em>Programme triennal 2024-2026<\/em>), gr\u00e2ce \u00e0 laquelle ont \u00e9t\u00e9 rendues possibles des actions prioritaires pour l\u2019extension des services, l\u2019am\u00e9nagement des espaces, l\u2019achat d\u2019\u00e9quipements technologiques, le catalogage et la conservation des mat\u00e9riels, la formation du personnel et la mise en valeur du patrimoine.<\/p>\n<h3 style=\"text-align: left;\"><\/h3>\n<h3 style=\"text-align: left;\"><strong>Patrimoine documentaire : fonds, unicit\u00e9, potentialit\u00e9s<\/strong><\/h3>\n<p style=\"text-align: left;\">Le patrimoine conserv\u00e9 par la M\u00e9diath\u00e8que comprend des fonds distincts et compl\u00e9mentaires de grand int\u00e9r\u00eat pour les chercheurs et musicologues :<\/p>\n<ul style=\"text-align: left;\">\n<li><strong>Fonds Mirco Caffagni<\/strong> (Sec. XVII-XXI) &#8211; manuscrits musicaux historiques, volumes rares, correspondance avec des musiciens italiens et internationaux, documentation critique;<\/li>\n<li><strong>Biblioth\u00e8que Maurizio Pratola<\/strong> &#8211; \u00e9tudes, \u00e9ditions et mat\u00e9riaux sp\u00e9cialis\u00e9s sur luth, tiorba, guitare baroque et instruments anciens;<\/li>\n<li><strong>Biblioth\u00e8que de l\u2019Association musicale estense<\/strong> (Sec. XVI-XXI) &#8211; volumes d\u2019histoire de la musique, culture, \u00e9dition musicale, catalogues de festivals internationaux, form\u00e9e \u00e9galement gr\u00e2ce \u00e0 des dons de livres cibl\u00e9s;<\/li>\n<li><strong>Archives photographiques, audio et vid\u00e9o du Festival Grandezze &amp; Meraviglie <\/strong>&#8211; t\u00e9moignages uniques de vingt-sept \u00e9ditions de concerts avec des instruments anciens et des r\u00e9pertoires rares.<\/li>\n<\/ul>\n<p style=\"text-align: left;\">Le patrimoine pr\u00e9sente des \u00e9l\u00e9ments d\u2019une grande unicit\u00e9 : manuscrits, volumes et documents en grande partie non pr\u00e9sents dans le P\u00f4le Modenese ou dans SBN, mat\u00e9riaux fondamentaux pour <strong>l\u2019histoire de l\u2019ex\u00e9cution sur instruments \u00e0 pincement en Italie<\/strong>, <strong>Enregistrements complets de concerts en direct<\/strong> et des mat\u00e9riaux iconographiques du XVIe au XIXe si\u00e8cle.<\/p>\n<h3><\/h3>\n<h3 style=\"text-align: left;\"><strong>Un projet ancr\u00e9 dans le territoire, en dialogue avec le pays et l\u2019Europe<\/strong><\/h3>\n<p style=\"text-align: left;\">La M\u00e9diath\u00e8que est \u00e9galement n\u00e9e comme <strong>lieu de rencontre et de formation<\/strong> : elle collaborera avec les <strong>\u00e9coles<\/strong>, <strong>conservatoires <\/strong>et <strong>lyc\u00e9es musicaux<\/strong> de Mod\u00e8ne, italiens et \u00e9trangers, en activant des parcours didactiques, des s\u00e9minaires et des stages. Ouvre ses mat\u00e9riaux \u00e0 la <strong>consultation libre<\/strong> et met \u00e0 disposition des services pour <strong>chercheurs<\/strong>, <strong>\u00e9tudiants<\/strong>, <strong>musiciens <\/strong>et <strong>passionn\u00e9s<\/strong>, devenant un nouvel espace culturel stable pour la ville de Mod\u00e8ne.<\/p>\n<p style=\"text-align: left;\">Divers documents sont disponibles pour le pr\u00eat \u00e0 domicile; d\u2019autres, pour des raisons de protection ou de droits, restent consultables exclusivement sur place, tout en garantissant un acc\u00e8s complet aux chercheurs, \u00e9tudiants et universitaires par l\u2019interm\u00e9diaire d\u2019un service d\u00e9di\u00e9.<\/p>\n<p style=\"text-align: left;\">La Mediateca se propose comme un nouveau service culturel public pour la ville, d\u00e9di\u00e9 \u00e0 la recherche, \u00e0 la formation et au partage, o\u00f9 la m\u00e9moire musicale devient patrimoine vivant pour la communaut\u00e9.<\/p>\n<h3><\/h3>\n<h3 style=\"text-align: left;\"><strong>Infos pratiques:<\/strong><\/h3>\n<p style=\"text-align: left;\"><strong>Du lundi au vendredi : 9h30-13h00 \/ 14h30-18h00 <\/strong><\/p>\n<p style=\"text-align: left;\"><strong>Ouverture sur rendez-vous. Fermeture pendant les jours f\u00e9ri\u00e9s et les p\u00e9riodes de vacances.<\/strong><\/p>\n<h3><\/h3>\n<h3 style=\"text-align: left;\"><strong>Une nouvelle maison pour la m\u00e9moire musicale<\/strong><\/h3>\n<p style=\"text-align: left;\">La m\u00e9diath\u00e8que de Grandezze &amp; Meraviglie repr\u00e9sente aujourd\u2019hui une archive vivante, en constante expansion : un pont entre pass\u00e9 et pr\u00e9sent, entre patrimoine historique et innovation num\u00e9rique, entre recherche scientifique et vulgarisation. Un lieu qui conserve la m\u00e9moire musicale et la rend disponible et accessible pour les g\u00e9n\u00e9rations futures.<\/p>\n","protected":false},"excerpt":{"rendered":"<p>Un nouveau centre pour la documentation musicale, entre histoire, recherche et innovation num\u00e9rique La m\u00e9diath\u00e8que de Grandezze &amp; Meraviglie na\u00eet \u00e0 l\u2019int\u00e9rieur de Modena Armonica, un projet qui r\u00e9organise et [&hellip;]<\/p>\n","protected":false},"author":2,"featured_media":18796,"comment_status":"closed","ping_status":"closed","sticky":false,"template":"","format":"standard","meta":{"footnotes":""},"categories":[682],"tags":[],"class_list":["post-18806","post","type-post","status-publish","format-standard","has-post-thumbnail","hentry","category-news-fr"],"_links":{"self":[{"href":"https:\/\/www.grandezzemeraviglie.it\/fr\/wp-json\/wp\/v2\/posts\/18806","targetHints":{"allow":["GET"]}}],"collection":[{"href":"https:\/\/www.grandezzemeraviglie.it\/fr\/wp-json\/wp\/v2\/posts"}],"about":[{"href":"https:\/\/www.grandezzemeraviglie.it\/fr\/wp-json\/wp\/v2\/types\/post"}],"author":[{"embeddable":true,"href":"https:\/\/www.grandezzemeraviglie.it\/fr\/wp-json\/wp\/v2\/users\/2"}],"replies":[{"embeddable":true,"href":"https:\/\/www.grandezzemeraviglie.it\/fr\/wp-json\/wp\/v2\/comments?post=18806"}],"version-history":[{"count":0,"href":"https:\/\/www.grandezzemeraviglie.it\/fr\/wp-json\/wp\/v2\/posts\/18806\/revisions"}],"wp:featuredmedia":[{"embeddable":true,"href":"https:\/\/www.grandezzemeraviglie.it\/fr\/wp-json\/wp\/v2\/media\/18796"}],"wp:attachment":[{"href":"https:\/\/www.grandezzemeraviglie.it\/fr\/wp-json\/wp\/v2\/media?parent=18806"}],"wp:term":[{"taxonomy":"category","embeddable":true,"href":"https:\/\/www.grandezzemeraviglie.it\/fr\/wp-json\/wp\/v2\/categories?post=18806"},{"taxonomy":"post_tag","embeddable":true,"href":"https:\/\/www.grandezzemeraviglie.it\/fr\/wp-json\/wp\/v2\/tags?post=18806"}],"curies":[{"name":"wp","href":"https:\/\/api.w.org\/{rel}","templated":true}]}}