{"id":2118,"date":"2017-09-23T05:57:20","date_gmt":"2017-09-23T05:57:20","guid":{"rendered":"https:\/\/www.grandezzemeraviglie.it\/?p=2118"},"modified":"2025-01-21T11:20:54","modified_gmt":"2025-01-21T10:20:54","slug":"astri","status":"publish","type":"post","link":"https:\/\/www.grandezzemeraviglie.it\/fr\/astri\/","title":{"rendered":"Festival Grandezze e Meraviglie 2017 \u2013 Concerto @Modena\/Planetario 1 ottobre"},"content":{"rendered":"<p style=\"text-align: center;\">\n<p style=\"text-align: center;\"><span style=\"font-weight: 400;\">Domenica 1 ottobre MODENA\u00a0<\/span><i><span style=\"font-weight: 400;\">ore 20 e 21.30<\/span><\/i><\/p>\n<p style=\"text-align: center;\"><span style=\"font-weight: 400;\"><a href=\"https:\/\/www.grandezzemeraviglie.it\/festival-2017\/i-luoghi-del-festival\/\">Planetario Civico<\/a><\/span><\/p>\n<p style=\"text-align: center;\"><i><span style=\"font-weight: 400;\">ingresso su prenotazione<\/span><\/i><\/p>\n<p style=\"text-align: center;\"><span style=\"color: #800000;\"><b>MUSICA PER GLI ASTRI<\/b><\/span><\/p>\n<p style=\"text-align: center;\"><span style=\"font-weight: 400;\">Giovanni Paganelli <em>clavicembalo<\/em><\/span><\/p>\n<p style=\"text-align: center;\">Paola Bigini <em>narrazioni<\/em><\/p>\n<p>&nbsp;<\/p>\n<p style=\"text-align: center;\"><strong><span style=\"color: #000080;\"><span style=\"color: #000000;\">Il concerto \u00e8 a pagamento e i posti sono limitati<\/span>.<\/span><\/strong><\/p>\n<p style=\"text-align: center;\"><span style=\"text-decoration: underline; color: #000080;\"><strong><a href=\"http:\/\/www.planetariodimodena.it\/eve.php\" target=\"_blank\" rel=\"noopener\">Accedi alla pagina delle prenotazioni per il concerto<br \/>\n<\/a><\/strong><\/span><span style=\"color: #000080;\"><span style=\"color: #000000;\">(\u00e8 necessario scegliere il turno orario a cui si desidera partecipare)<\/span><strong><br \/>\n<\/strong><\/span><\/p>\n<p style=\"text-align: center;\">I biglietti potranno essere acquistati direttamente al Planteario, a partire dalle ore 19.00<\/p>\n<p style=\"text-align: center;\">Per informazioni: 059 214333 &#8211; 345 8450413<\/p>\n<p>&nbsp;<\/p>\n<p style=\"text-align: justify;\">Per la prima volta Grandezze &amp; Meraviglie si reca al Planetario per un intreccio tra astri, musica e narrazione, dove si dar\u00e0 voce al clavicembalo di Giovanni Paganelli che far\u00e0 risuonare nell&rsquo;oscurit\u00e0 musiche collegate alla mitologia e alle costellazioni, in particolare di Michel Corrette (1707-1795) e Johann Caspar Ferdinand Fischer (1656-1734), mentre la voce di Paola Bigini si alterner\u00e0 alla musica con narrazioni \u201ccosmiche\u201d dal mondo delle arti e del pensiero. Il pubblico ascolter\u00e0 ammirando gli astri nella volta celeste.<\/p>\n<p>&nbsp;<\/p>\n<p style=\"text-align: justify;\">GIOVANNI PAGANELLI Clavicembalista, organista e direttore d\u2019orchestra, collabora da alcuni anni con\u00a0<em>Grandezze &amp; Meraviglie<\/em>, di cui coordina l\u2019ensemble in residenza \u201cFrancesco d\u2019Este\u201d.<\/p>\n<p style=\"text-align: justify;\">PAOLA BIGINI Laureata in germanistica, nel corso degli anni ha rivolto i propri interessi allo studio della storia, riconoscendo nel metodo proposto dalla \u201cNouvelle Histoire\u201d (Lucien Febvre, Marc Bloch, Fernand Braudel&#8230;), uno strumento innovativo per avvicinare il pubblico alla cultura e in particolare alla storia intesa nel senso pi\u00f9 ampio, mettendo in evidenza lo stretto legame tra passato e presente.<\/p>\n<p>&nbsp;<\/p>\n<p style=\"text-align: center;\"><span style=\"color: #800000;\"><strong>PROGRAMMA DEL CONCERTO<\/strong><\/span><\/p>\n<p style=\"text-align: center;\"><em>\u00a0<\/em><\/p>\n<p style=\"text-align: center;\">JEAN-HENRI D&rsquo;ANGLEBERT (1629-1691)<\/p>\n<p style=\"text-align: center;\">Suite in Sol minore<\/p>\n<p style=\"text-align: center;\"><em>Pr\u00e9lude non mesur\u00e9<\/em><\/p>\n<p style=\"text-align: center;\">\n<p style=\"text-align: center;\">ESIODO\u00a0 (VIII\u2013VII sec. a. C)<\/p>\n<p style=\"text-align: center;\"><em>da Teogonia<\/em><\/p>\n<p style=\"text-align: center;\"><span style=\"color: #800000;\">Lettura<\/span><\/p>\n<p style=\"text-align: center;\">\n<p style=\"text-align: center;\">MICHEL CORRETTE (1707-1795)<\/p>\n<p style=\"text-align: center;\"><em>dal Premier Livre Pi\u00e8ces de Clavecin<\/em><\/p>\n<p style=\"text-align: center;\">Seconda Suite<\/p>\n<p style=\"text-align: center;\"><em>Pr\u00e9lude, Rondeau Les \u00c9toiles<\/em><\/p>\n<p style=\"text-align: center;\">\n<p style=\"text-align: center;\"><span style=\"color: #800000;\">Narrazione<\/span><\/p>\n<p style=\"text-align: center;\">La contempalzione del cielo e le divinit\u00e0 primigenie<\/p>\n<p style=\"text-align: center;\">\n<p style=\"text-align: center;\">JOHANN CASPAR FERDINAND FISCHER (1656-1746)<\/p>\n<p style=\"text-align: center;\"><em>dal Musikalischer Parnassus<\/em><\/p>\n<p style=\"text-align: center;\">Suite Urania<\/p>\n<p style=\"text-align: center;\"><em>Toccata, Allemande, Courante, Sarabande, Gavotte, Gigue, <\/em><\/p>\n<p style=\"text-align: center;\"><em>Rigaudon &#8211; Gay, Rigaudon, Double, Menuet I. Alternativement <\/em><\/p>\n<p style=\"text-align: center;\"><em>Menuet II Menuet I Da capo, Passacaglia<\/em><\/p>\n","protected":false},"excerpt":{"rendered":"<p>Domenica 1 ottobre MODENA\u00a0ore 20 e 21.30 Planetario Civico ingresso su prenotazione MUSICA PER GLI ASTRI Giovanni Paganelli clavicembalo Paola Bigini narrazioni &nbsp; Il concerto \u00e8 a pagamento e i [&hellip;]<\/p>\n","protected":false},"author":3,"featured_media":3826,"comment_status":"closed","ping_status":"closed","sticky":false,"template":"","format":"standard","meta":{"footnotes":""},"categories":[692],"tags":[93,137,138,139,140],"class_list":["post-2118","post","type-post","status-publish","format-standard","has-post-thumbnail","hentry","category-news","tag-giovanni-paganelli","tag-johann-caspar-ferdinand-fischer","tag-michel-corrette","tag-paola-bigini","tag-planetario-modena"],"_links":{"self":[{"href":"https:\/\/www.grandezzemeraviglie.it\/fr\/wp-json\/wp\/v2\/posts\/2118","targetHints":{"allow":["GET"]}}],"collection":[{"href":"https:\/\/www.grandezzemeraviglie.it\/fr\/wp-json\/wp\/v2\/posts"}],"about":[{"href":"https:\/\/www.grandezzemeraviglie.it\/fr\/wp-json\/wp\/v2\/types\/post"}],"author":[{"embeddable":true,"href":"https:\/\/www.grandezzemeraviglie.it\/fr\/wp-json\/wp\/v2\/users\/3"}],"replies":[{"embeddable":true,"href":"https:\/\/www.grandezzemeraviglie.it\/fr\/wp-json\/wp\/v2\/comments?post=2118"}],"version-history":[{"count":1,"href":"https:\/\/www.grandezzemeraviglie.it\/fr\/wp-json\/wp\/v2\/posts\/2118\/revisions"}],"predecessor-version":[{"id":12690,"href":"https:\/\/www.grandezzemeraviglie.it\/fr\/wp-json\/wp\/v2\/posts\/2118\/revisions\/12690"}],"wp:featuredmedia":[{"embeddable":true,"href":"https:\/\/www.grandezzemeraviglie.it\/fr\/wp-json\/wp\/v2\/media\/3826"}],"wp:attachment":[{"href":"https:\/\/www.grandezzemeraviglie.it\/fr\/wp-json\/wp\/v2\/media?parent=2118"}],"wp:term":[{"taxonomy":"category","embeddable":true,"href":"https:\/\/www.grandezzemeraviglie.it\/fr\/wp-json\/wp\/v2\/categories?post=2118"},{"taxonomy":"post_tag","embeddable":true,"href":"https:\/\/www.grandezzemeraviglie.it\/fr\/wp-json\/wp\/v2\/tags?post=2118"}],"curies":[{"name":"wp","href":"https:\/\/api.w.org\/{rel}","templated":true}]}}