{"id":2392,"date":"2017-08-29T07:31:49","date_gmt":"2017-08-29T07:31:49","guid":{"rendered":"https:\/\/www.grandezzemeraviglie.it\/?p=2392"},"modified":"2025-01-21T11:20:55","modified_gmt":"2025-01-21T10:20:55","slug":"festival-grandezze-e-meraviglie-2017-concerto-villa-sorra-3-settembre","status":"publish","type":"post","link":"https:\/\/www.grandezzemeraviglie.it\/fr\/festival-grandezze-e-meraviglie-2017-concerto-villa-sorra-3-settembre\/","title":{"rendered":"Festival Grandezze e Meraviglie 2017 \u2013 Concerto @Villa Sorra 3 settembre"},"content":{"rendered":"<p style=\"text-align: center;\">\n<p style=\"text-align: center;\"><span style=\"font-weight: 400;\">Domenica 3 settembre VILLA SORRA\u00a0<\/span><i><span style=\"font-weight: 400;\">ore 18<\/span><\/i><\/p>\n<p style=\"text-align: center;\"><span style=\"font-weight: 400;\"><a href=\"https:\/\/www.grandezzemeraviglie.it\/festival-2017\/i-luoghi-del-festival\/\">VIlla Sorra, Sala Ovale<\/a>\u00a0<\/span><i><span style=\"font-weight: 400;\">&#8211; concerto fuori abbonamento<\/span><\/i><\/p>\n<p style=\"text-align: center;\"><span style=\"color: #800000;\"><b>DA FRESCOBALDI A HAENDEL<\/b><\/span><\/p>\n<p style=\"text-align: center;\">Francesco Savergnini <em>clavicembalo<\/em><\/p>\n<p style=\"text-align: justify;\">\n<p style=\"text-align: justify;\"><span style=\"color: #333333;\">Il programma del concerto traccia un arco di un secolo di musica che attraversa l&rsquo;Europa toccando l&rsquo;Italia, con Frescobaldi e Storace, la Francia, con Lous e Fran\u00e7ois Couperin, e l&rsquo;Inghilterra con Handel. In realt\u00e0 il filo rosso che affiora spesso in queste composizioni \u00e8 il gusto italiano che lascia il segno nella storia della musica europea, con il suo carattere ricco di contrasti emotivi: giocoso, allegro, cantabile, intenso.\u00a0<\/span><\/p>\n<p style=\"text-align: justify;\"><span style=\"color: #333333;\">Il concerto si apre con due composizioni di Girolamo Frescobaldi (1583-1643): la <b>Toccata Seconda<\/b> del I libro e le <b>Partite sopra Ruggiero<\/b><i>.<\/i> La Toccata seconda, come molte composizioni del periodo barocco, si rif\u00e0 alla struttura del discorso propria della retorica classica. Dopo una prima parte iniziale lenta, che funge da introduzione (l\u2019<i>exordium),<\/i> le sezioni centrali si sviluppano tra forti contrasti: la musica si fa ora giocosa e allegra, ora cantabile, ora energica e assertiva; un crescendo di tensione conduce alla conclusione <i>(<\/i>la<i> peroratio)<\/i>, culmine emotivo della toccata. Questa tensione fra affetti contrastanti \u00e8 ugualmente riconoscibile nelle Partite sopra Ruggiero. Si tratta di dodici variazioni sul tema del Ruggiero, un basso di danza molto celebre nel cinque-seicento. La composizione \u00e8 uno dei momenti pi\u00f9 alti e originali della produzione frescobaldiana: una sorta di <i>Quadri di un\u2019esposizione<\/i> ante litteram, un percorso in cui ogni variazione sembra un microcosmo in s\u00e9 compiuto, tra passioni irruenti e momenti di grande poeticit\u00e0.<\/span><\/p>\n<p style=\"text-align: justify;\"><span style=\"color: #333333;\">I tre brani che seguono ci portano invece in Francia: Louis Couperin (1626-1661) \u00e8 stato uno dei pi\u00f9 influenti compositori per tastiera del seicento francese, conosciuto soprattutto per i suoi <b>Pr\u00e9lude non mesur\u00e9<\/b>. I Pr\u00e9lude di Couperin sono composizioni brevi, a carattere improvvisativo, che hanno molto in comune con la toccata italiana: l\u2019appellativo <i>non mesur\u00e9 <\/i>si riferisce infatti all\u2019assenza di indicazioni metriche e di tempo sulla partitura, aspetti che sono lasciati alla libert\u00e0 e al gusto dell\u2019esecutore. Tra i due Pr\u00e9lude, il primo in fa e il secondo in sol minore, una solenne <b>Chacconne in sol minore<\/b>. La Chacconne, in italiano Ciaccona, \u00e8 una danza a tempo ternario di origine spagnola, che ha avuto molto successo nel seicento, ispirando innumerevoli composizioni. In questo caso, il brano presenta la forma del Rondeau, con un ritornello intercalato a vari episodi.<\/span><\/p>\n<p style=\"text-align: justify;\"><span style=\"color: #333333;\">Ben diversa dalla precedente \u00e8 invece la <b>Ciaccona<\/b> di Bernardo Storace (1637-1707). Decisamente pi\u00f9 mediterranea e spensierata, \u00e8 costruita in forma di variazioni su un basso ostinato, raccolte in quattro parti. Si tratta di uno degli esempi pi\u00f9 interessanti della scuola romano-napoletana, gruppo di Autori appartenenti all\u2019area del sud Italia che furono notevolmente influenzati dall\u2019opera di Frescobaldi.<\/span><\/p>\n<p style=\"text-align: justify;\"><span style=\"color: #333333;\">Con il <b>XXVII Ordre <\/b>di Francois Couperin (1668-1733) torniamo in Francia, entrando pienamente nello stile settecentesco. Organista presso la Chapelle Royale di Versailles, Francois Couperin divenne conosciuto in tutta Europa per la sua produzione clavicembalistica: ha pubblicato ben ventisette <i>Ordre<\/i> (ovvero, <i>Suite<\/i>) di brani per clavicembalo, raccolti in Quattro libri. Il XXVII Ordre include quattro brani: <i>l\u2019Exquise, <\/i>una squisita Allemande; <i>Les Pavots, <\/i>dedicata ai papaveri e alla loro nonchalance<i>;<\/i> <i>Les Chinois<\/i>, Courante parodistica \u201calla cinese\u201d; e un brillante Allegro conclusivo, <i>Saillie<\/i>.<\/span><\/p>\n<p style=\"text-align: justify;\"><span style=\"color: #333333;\">La conclusione del concerto \u00e8 affidata invece alla <b>Suite per clavicembalo HWV 434 <\/b>di Georg Friedrich Haendel <span style=\"font-size: medium;\">(1685-1759). Inserita nella raccolta di Suite pubblicata a Londra nel 1733, questa composizione si discosta molto dalla tradizionale successione di movimenti che solitamente costituisce la forma di Suite. Il primo tempo \u00e8 un <\/span><span style=\"font-size: medium;\"><i>Pr\u00e9lude<\/i><\/span><span style=\"font-size: medium;\"> libero, seguito da una <\/span><span style=\"font-size: medium;\"><i>Sonata<\/i><\/span><span style=\"font-size: medium;\">, nello stile italiano. Segue un\u2019<\/span><span style=\"font-size: medium;\"><i>Aria con variazioni<\/i><\/span><span style=\"font-size: medium;\"> (il cui tema fu anche utilizzato da Brahms nelle <\/span><span style=\"font-size: medium;\"><i>25 Variazioni e fuga su tema di Handel<\/i><\/span><span style=\"font-size: medium;\">) e un grazioso Minuetto.<\/span><\/span><\/p>\n<p style=\"text-align: justify;\">FRANCESCO SAVERGNINI, nato ad Asti nel novembre 1990, si avvicina alla musica per gioco, all\u2019et\u00e0 di quattro anni. Si diploma in pianoforte giovanissimo presso il Conservatorio \u201cN. Paganini\u201d di Genova con Gloria Ratti e segue masterclass con Sergio Perticaroli, Enrico Pace, Andrea Lucchesini e molti altri. Per alcuni anni svolge un\u2019intensa attivit\u00e0 concertistica come pianista solista e accompagnatore, collaborando anche con alcune formazioni da camera e varie compagnie teatrali. Nell\u2019estate del 2006 e del 2007 partecipa ai corsi estivi organizzati da Claudio Astronio presso la scuola \u201cA. Vivaldi\u201d di Bolzano, da cui nascer\u00e0 un vivissimo interesse per la musica antica; da questo momento ha modo di apprendere la lezione di alcuni grandi interpreti di musica del sei-settecento: James David Christie e Gianluca Petagna (organo), Gordon Murray, Enrico Baiano, Claudio Astronio (clavicembalo), Diego Fratelli (teoria antica). Da quattro anni \u00e8 allievo della clavicembalista e musicologa Emilia Fadini, presso la Scuola Comunale di Milano. Nel 2005 \u00e8 tra i fondatori dell\u2019Ensemble \u201cClaudio Monteverdi\u201d di cui \u00e8 il continuista e direttore. Ha collaborato in veste di clavicembalista con l\u2019ensemble \u201cArmoniosa\u201d, diretta da Francesco Cerrato: con questa formazione incide l\u2019integrale dei concerti grossi di A. Corelli (2011) e si esibisce in numerose sale da concerto italiane. A marzo 2015 \u00e8 vincitore del primo premio ex aequo al XV Concorso Internazionale di clavicembalo \u201cGianni Gambi\u201d di Pesaro e, nel contesto dello stesso concorso, vincitore del premio \u201cDomenico da Pesaro\u201d per la musica contemporanea. Ha collaborato in diverse occasioni con Laura Giorcelli, Maurizio Lanfranco, Lorenzo Girodo, Brigitte Autret, Francesco e Stefano Cerrato, Matteo Ravizza.<\/p>\n<p>&nbsp;<\/p>\n<p style=\"text-align: center;\"><span style=\"color: #800000;\"><strong>PROGRAMMA DEL CONCERTO<\/strong><\/span><\/p>\n<p style=\"text-align: center;\">\n<p style=\"text-align: center;\">GIROLAMO FRESCOBALDI (1583-1643)<\/p>\n<p style=\"text-align: center;\">Toccata Seconda (dal <em>Primo libro di toccate<\/em>)<\/p>\n<p style=\"text-align: center;\"><em>Partite sopra Ruggiero<\/em><\/p>\n<p style=\"text-align: center;\">\n<p style=\"text-align: center;\">LOUIS COUPERIN (1626-1661)<\/p>\n<p style=\"text-align: center;\"><em>Pr\u00e9ludes non mesur\u00e9s<\/em> in Fa maggiore e Sol minore<\/p>\n<p style=\"text-align: center;\"><em>Chaconne <\/em>in Sol minore<\/p>\n<p style=\"text-align: center;\">\n<p style=\"text-align: center;\">BERNARDO STORACE (1637-1707)<\/p>\n<p style=\"text-align: center;\"><em>Ciaccona<\/em><\/p>\n<p style=\"text-align: center;\"><em>\u00a0<\/em><\/p>\n<p style=\"text-align: center;\">FRAN\u00c7OIS COUPERIN (1668-1733)<\/p>\n<p style=\"text-align: center;\"><em>XXVII Ordre pour clavecin<\/em><\/p>\n<p style=\"text-align: center;\"><em>(L\u2019Exquise \u2013 Allemande, Les Pavots, Les Chinois \u2013 Courante; Saillie \u2013 Allegro)<\/em><\/p>\n<p style=\"text-align: center;\"><em>\u00a0<\/em><\/p>\n<p style=\"text-align: center;\">\u00a0GEORG FRIEDRICH H\u00c4NDEL (1685-1759)<\/p>\n<p style=\"text-align: center;\"><em>Suite per clavicembalo HWV 434<\/em><\/p>\n<p style=\"text-align: center;\"><em>(Pr\u00e9lude, Sonata, Aria, Minuetto)<\/em><\/p>\n<p style=\"text-align: justify;\">\n","protected":false},"excerpt":{"rendered":"<p>Domenica 3 settembre VILLA SORRA\u00a0ore 18 VIlla Sorra, Sala Ovale\u00a0&#8211; concerto fuori abbonamento DA FRESCOBALDI A HAENDEL Francesco Savergnini clavicembalo Il programma del concerto traccia un arco di un secolo [&hellip;]<\/p>\n","protected":false},"author":3,"featured_media":3786,"comment_status":"closed","ping_status":"closed","sticky":false,"template":"","format":"standard","meta":{"footnotes":""},"categories":[692],"tags":[92,110,111,95],"class_list":["post-2392","post","type-post","status-publish","format-standard","has-post-thumbnail","hentry","category-news","tag-festival-2017","tag-francesco-savergnini","tag-georg-friedrich-haendel","tag-girolamo-frescobaldi"],"_links":{"self":[{"href":"https:\/\/www.grandezzemeraviglie.it\/fr\/wp-json\/wp\/v2\/posts\/2392","targetHints":{"allow":["GET"]}}],"collection":[{"href":"https:\/\/www.grandezzemeraviglie.it\/fr\/wp-json\/wp\/v2\/posts"}],"about":[{"href":"https:\/\/www.grandezzemeraviglie.it\/fr\/wp-json\/wp\/v2\/types\/post"}],"author":[{"embeddable":true,"href":"https:\/\/www.grandezzemeraviglie.it\/fr\/wp-json\/wp\/v2\/users\/3"}],"replies":[{"embeddable":true,"href":"https:\/\/www.grandezzemeraviglie.it\/fr\/wp-json\/wp\/v2\/comments?post=2392"}],"version-history":[{"count":1,"href":"https:\/\/www.grandezzemeraviglie.it\/fr\/wp-json\/wp\/v2\/posts\/2392\/revisions"}],"predecessor-version":[{"id":12705,"href":"https:\/\/www.grandezzemeraviglie.it\/fr\/wp-json\/wp\/v2\/posts\/2392\/revisions\/12705"}],"wp:featuredmedia":[{"embeddable":true,"href":"https:\/\/www.grandezzemeraviglie.it\/fr\/wp-json\/wp\/v2\/media\/3786"}],"wp:attachment":[{"href":"https:\/\/www.grandezzemeraviglie.it\/fr\/wp-json\/wp\/v2\/media?parent=2392"}],"wp:term":[{"taxonomy":"category","embeddable":true,"href":"https:\/\/www.grandezzemeraviglie.it\/fr\/wp-json\/wp\/v2\/categories?post=2392"},{"taxonomy":"post_tag","embeddable":true,"href":"https:\/\/www.grandezzemeraviglie.it\/fr\/wp-json\/wp\/v2\/tags?post=2392"}],"curies":[{"name":"wp","href":"https:\/\/api.w.org\/{rel}","templated":true}]}}