{"id":3129,"date":"2016-08-07T09:35:02","date_gmt":"2016-08-07T07:35:02","guid":{"rendered":"https:\/\/www.grandezzemeraviglie.it\/?p=3129"},"modified":"2025-01-21T14:10:20","modified_gmt":"2025-01-21T13:10:20","slug":"les-bononcini-depuis-modene-jusqua-leurope-1666-1747-appel-a-communications","status":"publish","type":"post","link":"https:\/\/www.grandezzemeraviglie.it\/fr\/les-bononcini-depuis-modene-jusqua-leurope-1666-1747-appel-a-communications\/","title":{"rendered":"Les Bononcini : depuis Mod\u00e8ne jusqu\u2019\u00e0 l\u2019Europe (1666-1747) &#8211; Appel \u00e0 communications"},"content":{"rendered":"<p style=\"text-align: center;\"><span style=\"color: #000000; font-family: times new roman,times; font-size: 14pt;\"><em>Grandezze &amp; Meraviglie<\/em> et Gruppo Arcomelo 2013<\/span><\/p>\n<p style=\"text-align: center;\"><span style=\"color: #000000; font-family: times new roman,times; font-size: 14pt;\"><span style=\"font-size: 10pt;\"><span style=\"font-size: 12pt;\">pr\u00e9sentent<\/span><br \/>\n<\/span><\/span><\/p>\n<p style=\"line-height: 150%; text-align: center;\"><span style=\"font-family: 'times new roman', times; font-size: 18pt; color: #800000;\"><strong><span style=\"line-height: 150%;\">LES BONONCINI: DEPUIS MOD\u00c8NE JUSQU&rsquo;\u00c0 L&rsquo;EUROPE <\/span><\/strong><\/span><span style=\"font-family: 'times new roman', times; font-size: 18pt; color: #800000;\"><strong><span style=\"line-height: 150%;\">(1666-1747)<\/span><\/strong><\/span><\/p>\n<p style=\"line-height: 150%; text-align: center;\"><span style=\"font-family: times new roman,times; font-size: 18pt; color: #000000;\"><span style=\"line-height: 150%;\">Congr\u00e8s International<\/span><\/span><\/p>\n<p style=\"line-height: 150%; text-align: center;\"><span style=\"font-size: 18pt; line-height: 150%; font-family: times new roman,times; color: #000000;\">Mod\u00e8ne, 2-4 d\u00e9cembre 2016<\/span><\/p>\n<p style=\"line-height: 150%; text-align: center;\"><strong><span style=\"font-family: times new roman,times; font-size: 12pt; color: #000000;\"><span style=\"line-height: 150%;\"><span style=\"color: #000000; font-family: times new roman,times; font-size: 10pt;\"><span style=\"font-size: 12pt;\"><strong>COMIT\u00c9 SCIENTIFIQUE<\/strong><\/span><br \/>\nEnrico Gatti <em style=\"color: #000000; font-family: times new roman,times; font-size: 10pt;\">(Royal Conservatoire, Den Haag, NL &#8211; Conservatorio \u00ab\u00a0G. B. Martini\u00a0\u00bb, Bologna)<br \/>\n<\/em>Guido Olivieri <em>(The University of Texas, Austin, USA)<br \/>\n<\/em>Agnese Pavanello <em>(Schola Cantorum Basiliensis, Basel, CH)<br \/>\n<\/em>Marc Vanscheeuwijck <em>(University of Oregon, Eugene, USA)<br \/>\n<\/em>Francesco Zimei <em>(Istituto Abruzzese di Storia Musicale)<\/em><\/span><\/span><\/span><\/strong><\/p>\n<p style=\"line-height: 150%; text-align: center;\"><strong><span style=\"font-family: times new roman,times; font-size: 12pt; color: #000000;\"><span style=\"line-height: 150%;\"><span style=\"color: #000000; font-family: times new roman,times; font-size: 10pt;\"><em>\u00a0<\/em><\/span><\/span><\/span><\/strong><\/p>\n<p>&nbsp;<\/p>\n<p style=\"text-align: center;\"><span style=\"color: #ff0000;\"><strong>APPEL \u00c0 COMMUNICATIONS<\/strong><\/span><\/p>\n<p style=\"text-align: center;\">Le Festival Musical Estense \u00ab\u00a0Grandezze &amp; Meraviglie\u00a0\u00bb et l&rsquo;Ensemble Arcomelo 2013 organisent le premier week-end de d\u00e9cembre 2016 un congr\u00e8s international d\u00e9di\u00e9 \u00e0 la famille Bononcini, depuis les d\u00e9buts artistiques de Giovanni Maria (<em>Primi frutti del Giardino musicale<\/em> op. 1, 1666), qui marqu\u00e8rent la naissance de l\u2019\u00e2ge d\u2019or de l\u2019\u00e9cole de violon de Mod\u00e8ne, jusqu\u2019au succ\u00e8s europ\u00e9en du <em>Musico Prattico<\/em> (1673). Succ\u00e8s que connut \u00e9galement la maison ducale apr\u00e8s le mariage qui, la m\u00eame ann\u00e9e, avait uni Marie B\u00e9atrice d\u2019Este au duc d\u2019York, Jacques Stuart, tout comme la deuxi\u00e8me g\u00e9n\u00e9ration de musiciens de la famille Bononcini, notamment les deux fils de Giovanni Maria, Giovanni et Antonio Maria, instrumentistes et compositeurs d&rsquo;op\u00e9ra de renomm\u00e9e internationale.<\/p>\n<p style=\"text-align: center;\">Le congr\u00e8s a pour objectif d\u2019un c\u00f4t\u00e9 d\u2019\u00e9tudier la vie, les \u0153uvres et, dans une optique europ\u00e9enne, l\u2019influence qu\u2019ont exerc\u00e9e les <strong>Bononcini<\/strong> sur la musique instrumentale et vocale de l\u2019\u00c9milie Romagne, de l\u2019autre c\u00f4t\u00e9 de mettre en lumi\u00e8re la<strong> circulation de la musique et des musiciens \u00e9miliens<\/strong> ainsi que les aspects de <strong>l\u2019ex\u00e9cution musicale<\/strong>. Tout en privil\u00e9giant ces trois th\u00e9matiques, le comit\u00e9 scientifique invite \u00e0 envoyer aussi des propositions sur d\u2019autres aspects de la musique instrumentale \u00e9milienne, y compris <strong>les rapports entre m\u00e9c\u00e9nat et production<\/strong>, <strong>les contaminations r\u00e9ciproques<\/strong> entre musique instrumentale et vocale, <strong>la manufacture d\u2019instruments<\/strong>.<\/p>\n<p style=\"text-align: center;\">Le comit\u00e9 scientifique, constitu\u00e9 il y a trois ans \u00e0 l\u2019occasion du <strong>Congr\u00e8s Arcomelo 2013<\/strong> (Enrico Gatti, Marc Vanscheeuwijck, Guido Olivieri, Agnese Pavanello et Francesco Zimei), invite \u00e0 pr\u00e9senter des propositions de communications d\u2019une <strong>dur\u00e9e maximum de 25 minutes<\/strong>.<\/p>\n<p style=\"text-align: center;\">Le<strong> r\u00e9sum\u00e9<\/strong> (anonyme) devra inclure le titre de la communication et un texte d\u2019une longueur maximale de <strong>250 mots<\/strong> indiquant le sujet, l\u2019\u00e9tat des recherches et les r\u00e9f\u00e9rences principales, ainsi que l\u2019importance et l\u2019originalit\u00e9 de la contribution. Dans un fichier s\u00e9par\u00e9, en plus du titre de la communication, il faudra indiquer aussi le nom et pr\u00e9nom de l\u2019auteur, l\u2019adresse \u00e9lectronique et un bref CV (une demi-page).<\/p>\n<p style=\"text-align: center;\">Le r\u00e9sum\u00e9 et le fichier avec les donn\u00e9es personnelles devront parvenir<strong> au plus tard le 10 mai 2016<\/strong> \u00e0 l\u2019adresse suivante : <a href=\"mailto:arcomelo2013@gmail.com\">arcomelo2013@gmail.com<\/a><\/p>\n<p style=\"text-align: center;\">L\u2019organisation se chargera de l\u2019accueil des conf\u00e9renciers (le vivre et le couvert) pendant toute la dur\u00e9e des travaux.<\/p>\n<p style=\"text-align: center;\">Les communications pr\u00e9sent\u00e9es au congr\u00e8s pourront \u00eatre accueillies dans un volume sur les sujets trait\u00e9s \u00e9valu\u00e9 par les pairs. \u00c0 cet \u00e9gard, chaque conf\u00e9rencier devra fournir, au moment de son arriv\u00e9e \u00e0 Mod\u00e8ne, un fichier Word avec le texte complet de son intervention, r\u00e9dig\u00e9 selon les normes \u00e9ditoriales qui seront communiqu\u00e9es au moment de la s\u00e9lection. Apr\u00e8s la conclusion des travaux, un d\u00e9lai de 60 jours est pr\u00e9vu pour d\u2019\u00e9ventuelles mises \u00e0 jour avant de proc\u00e9der au traitement du volume.<\/p>\n","protected":false},"excerpt":{"rendered":"<p>Grandezze &amp; Meraviglie et Gruppo Arcomelo 2013 pr\u00e9sentent LES BONONCINI: DEPUIS MOD\u00c8NE JUSQU&rsquo;\u00c0 L&rsquo;EUROPE (1666-1747) Congr\u00e8s International Mod\u00e8ne, 2-4 d\u00e9cembre 2016 COMIT\u00c9 SCIENTIFIQUE Enrico Gatti (Royal Conservatoire, Den Haag, NL [&hellip;]<\/p>\n","protected":false},"author":2,"featured_media":15877,"comment_status":"closed","ping_status":"closed","sticky":false,"template":"","format":"standard","meta":{"footnotes":""},"categories":[682],"tags":[],"class_list":["post-3129","post","type-post","status-publish","format-standard","has-post-thumbnail","hentry","category-news-fr"],"_links":{"self":[{"href":"https:\/\/www.grandezzemeraviglie.it\/fr\/wp-json\/wp\/v2\/posts\/3129","targetHints":{"allow":["GET"]}}],"collection":[{"href":"https:\/\/www.grandezzemeraviglie.it\/fr\/wp-json\/wp\/v2\/posts"}],"about":[{"href":"https:\/\/www.grandezzemeraviglie.it\/fr\/wp-json\/wp\/v2\/types\/post"}],"author":[{"embeddable":true,"href":"https:\/\/www.grandezzemeraviglie.it\/fr\/wp-json\/wp\/v2\/users\/2"}],"replies":[{"embeddable":true,"href":"https:\/\/www.grandezzemeraviglie.it\/fr\/wp-json\/wp\/v2\/comments?post=3129"}],"version-history":[{"count":2,"href":"https:\/\/www.grandezzemeraviglie.it\/fr\/wp-json\/wp\/v2\/posts\/3129\/revisions"}],"predecessor-version":[{"id":12724,"href":"https:\/\/www.grandezzemeraviglie.it\/fr\/wp-json\/wp\/v2\/posts\/3129\/revisions\/12724"}],"wp:featuredmedia":[{"embeddable":true,"href":"https:\/\/www.grandezzemeraviglie.it\/fr\/wp-json\/wp\/v2\/media\/15877"}],"wp:attachment":[{"href":"https:\/\/www.grandezzemeraviglie.it\/fr\/wp-json\/wp\/v2\/media?parent=3129"}],"wp:term":[{"taxonomy":"category","embeddable":true,"href":"https:\/\/www.grandezzemeraviglie.it\/fr\/wp-json\/wp\/v2\/categories?post=3129"},{"taxonomy":"post_tag","embeddable":true,"href":"https:\/\/www.grandezzemeraviglie.it\/fr\/wp-json\/wp\/v2\/tags?post=3129"}],"curies":[{"name":"wp","href":"https:\/\/api.w.org\/{rel}","templated":true}]}}