{"id":3197,"date":"2016-10-13T12:06:21","date_gmt":"2016-10-13T10:06:21","guid":{"rendered":"https:\/\/www.grandezzemeraviglie.it\/?p=3197"},"modified":"2025-01-21T14:10:17","modified_gmt":"2025-01-21T13:10:17","slug":"explorations-musicales-et-si-on-allait-au-musee-2016","status":"publish","type":"post","link":"https:\/\/www.grandezzemeraviglie.it\/fr\/explorations-musicales-et-si-on-allait-au-musee-2016\/","title":{"rendered":"Explorations musicales &#8211; Et si on allait au Mus\u00e9e? 2016"},"content":{"rendered":"<p>Samedi 15 octobre, \u00e0 16 heures, aux Mus\u00e9es Civiques de Mod\u00e8ne et \u00e0 la Galerie Estense se tiendra le premier rendez-vous de la s\u00e9rie EXPLORATIONS MUSICALES, r\u00e9alis\u00e9 en collaboration avec EUPHONIA Centre d\u2019\u00c9tudes Musicales, Grandezze &amp; Meraviglie et avec le soutien de la Banque BPER.<\/p>\n<p>Le projet s\u2019inscrit dans le cadre des initiatives \u00ab\u00a0Et si on allait au Mus\u00e9e\u00a0?\u00a0\u00bb pour l\u2019ann\u00e9e 2016.<\/p>\n<p>&nbsp;<\/p>\n<p><strong>Programme de samedi 15 octobre<\/strong><\/p>\n<p>\u00c0 16 heures, \u00e0 la Galerie Estense, aura lieu la visite guid\u00e9e ayant pour sujet \u00ab\u00a0Les ducs et la musique\u00a0\u00bb, sur r\u00e9servation en \u00e9crivant \u00e0\u00a0: <a href=\"mailto:associazioneuphonia@gmail.com\">associazioneuphonia@gmail.com<\/a><\/p>\n<p>\u00c0 16h45, aux Mus\u00e9es Civiques, rendez-vous avec \u00ab\u00a0La petite fl\u00fbte d\u2019ivoire et ses grands fr\u00e8res\u00a0\u00bb avec Giovanni Paganelli et Sanne Vos. Entr\u00e9e libre.<\/p>\n<p>\u00c0 18 heures, toast avec les musiciens. Galerie Estense, Mus\u00e9es Civiques, Caf\u00e9 du Palais des Mus\u00e9es (\u00ab\u00a0Palazzo dei Musei\u00a0\u00bb).<\/p>\n<p>&nbsp;<\/p>\n<p>Tous les rendez-vous des \u00ab\u00a0Explorations musicales\u00a0\u00bb sur <a href=\"http:\/\/www.museicivici.modena.it\/it\/mostre-ed-eventi\/Esplorazionimusicali.pdf\">http:\/\/www.museicivici.modena.it\/it\/mostre-ed-eventi\/Esplorazionimusicali.pdf<\/a><\/p>\n<p>et ceux de \u00ab\u00a0Et si on allait au Mus\u00e9e?\u00a0\u00bb sur: <a href=\"http:\/\/www.museicivici.modena.it\/it\/mostre-ed-eventi\/metti-lautunno-in-museo-2016#null\">http:\/\/www.museicivici.modena.it\/it\/mostre-ed-eventi\/metti-lautunno-in-museo-2016#null<\/a><\/p>\n<p>&nbsp;<\/p>\n<p>T\u00e9l\u00e9chargez le <strong><u>d\u00e9pliant<\/u><\/strong> des initiatives.<\/p>\n","protected":false},"excerpt":{"rendered":"<p>Samedi 15 octobre, \u00e0 16 heures, aux Mus\u00e9es Civiques de Mod\u00e8ne et \u00e0 la Galerie Estense se tiendra le premier rendez-vous de la s\u00e9rie EXPLORATIONS MUSICALES, r\u00e9alis\u00e9 en collaboration avec [&hellip;]<\/p>\n","protected":false},"author":2,"featured_media":14903,"comment_status":"closed","ping_status":"closed","sticky":false,"template":"","format":"standard","meta":{"footnotes":""},"categories":[682],"tags":[],"class_list":["post-3197","post","type-post","status-publish","format-standard","has-post-thumbnail","hentry","category-news-fr"],"_links":{"self":[{"href":"https:\/\/www.grandezzemeraviglie.it\/fr\/wp-json\/wp\/v2\/posts\/3197","targetHints":{"allow":["GET"]}}],"collection":[{"href":"https:\/\/www.grandezzemeraviglie.it\/fr\/wp-json\/wp\/v2\/posts"}],"about":[{"href":"https:\/\/www.grandezzemeraviglie.it\/fr\/wp-json\/wp\/v2\/types\/post"}],"author":[{"embeddable":true,"href":"https:\/\/www.grandezzemeraviglie.it\/fr\/wp-json\/wp\/v2\/users\/2"}],"replies":[{"embeddable":true,"href":"https:\/\/www.grandezzemeraviglie.it\/fr\/wp-json\/wp\/v2\/comments?post=3197"}],"version-history":[{"count":1,"href":"https:\/\/www.grandezzemeraviglie.it\/fr\/wp-json\/wp\/v2\/posts\/3197\/revisions"}],"predecessor-version":[{"id":12722,"href":"https:\/\/www.grandezzemeraviglie.it\/fr\/wp-json\/wp\/v2\/posts\/3197\/revisions\/12722"}],"wp:featuredmedia":[{"embeddable":true,"href":"https:\/\/www.grandezzemeraviglie.it\/fr\/wp-json\/wp\/v2\/media\/14903"}],"wp:attachment":[{"href":"https:\/\/www.grandezzemeraviglie.it\/fr\/wp-json\/wp\/v2\/media?parent=3197"}],"wp:term":[{"taxonomy":"category","embeddable":true,"href":"https:\/\/www.grandezzemeraviglie.it\/fr\/wp-json\/wp\/v2\/categories?post=3197"},{"taxonomy":"post_tag","embeddable":true,"href":"https:\/\/www.grandezzemeraviglie.it\/fr\/wp-json\/wp\/v2\/tags?post=3197"}],"curies":[{"name":"wp","href":"https:\/\/api.w.org\/{rel}","templated":true}]}}