{"id":3214,"date":"2015-11-13T08:53:44","date_gmt":"2015-11-13T07:53:44","guid":{"rendered":"https:\/\/www.grandezzemeraviglie.it\/?p=3214"},"modified":"2025-01-21T14:10:30","modified_gmt":"2025-01-21T13:10:30","slug":"restauration-de-la-fresque-de-bernardino-cervi-salle-santa-scolastica-modene","status":"publish","type":"post","link":"https:\/\/www.grandezzemeraviglie.it\/fr\/restauration-de-la-fresque-de-bernardino-cervi-salle-santa-scolastica-modene\/","title":{"rendered":"Restauration de la fresque de Bernardino Cervi @ Salle Santa Scolastica, Mod\u00e8ne"},"content":{"rendered":"<p style=\"text-align: justify;\"><strong>ABBAYE DES B\u00c9N\u00c9DICTINS DE MOD\u00c8NE<\/strong><\/p>\n<p style=\"text-align: justify;\">en collaboration avec<\/p>\n<p style=\"text-align: justify;\"><strong><em>Grandezze &amp; Meraviglie<\/em><\/strong><\/p>\n<p style=\"text-align: justify;\"><strong><em>\u00a0<\/em><\/strong><\/p>\n<p style=\"text-align: justify;\"><strong>Vendredi 27 novembre 2015, \u00e0 16h30<\/strong><\/p>\n<p style=\"text-align: justify;\">Salle Santa Scolastica, via San Pietro 1, Mod\u00e8ne<\/p>\n<p style=\"text-align: justify;\">Pr\u00e9sentation de la restauration de la fresque de<\/p>\n<p style=\"text-align: justify;\"><strong>BERNARDINO CERVI (1600 env. &#8211; 1630)<\/strong><\/p>\n<p style=\"text-align: justify;\"><strong>Saint Beno\u00eet rencontre le roi Totila (1626 env.)<\/strong><\/p>\n<p style=\"text-align: justify;\"><em>\u00a0<\/em><\/p>\n<p style=\"text-align: justify;\"><em>En pr\u00e9sence de\u00a0:<\/em><\/p>\n<p style=\"text-align: justify;\">Sabina Magrini (Secr\u00e9taire r\u00e9gionale\u00a0 MIBACT pour l&rsquo;Emilie Romagne)<\/p>\n<p style=\"text-align: justify;\">Sonia Cavicchioli (Alma Mater Studiorum \u2013 Universit\u00e9 de Bologne)<\/p>\n<p style=\"text-align: justify;\">Luca Rubini (restaurateur)<\/p>\n<p style=\"text-align: justify;\">Vincenzo Vandelli (Progettisti Associati Sassuolo)<\/p>\n","protected":false},"excerpt":{"rendered":"<p>ABBAYE DES B\u00c9N\u00c9DICTINS DE MOD\u00c8NE en collaboration avec Grandezze &amp; Meraviglie \u00a0 Vendredi 27 novembre 2015, \u00e0 16h30 Salle Santa Scolastica, via San Pietro 1, Mod\u00e8ne Pr\u00e9sentation de la restauration [&hellip;]<\/p>\n","protected":false},"author":2,"featured_media":15011,"comment_status":"closed","ping_status":"closed","sticky":false,"template":"","format":"standard","meta":{"footnotes":""},"categories":[682],"tags":[],"class_list":["post-3214","post","type-post","status-publish","format-standard","has-post-thumbnail","hentry","category-news-fr"],"_links":{"self":[{"href":"https:\/\/www.grandezzemeraviglie.it\/fr\/wp-json\/wp\/v2\/posts\/3214","targetHints":{"allow":["GET"]}}],"collection":[{"href":"https:\/\/www.grandezzemeraviglie.it\/fr\/wp-json\/wp\/v2\/posts"}],"about":[{"href":"https:\/\/www.grandezzemeraviglie.it\/fr\/wp-json\/wp\/v2\/types\/post"}],"author":[{"embeddable":true,"href":"https:\/\/www.grandezzemeraviglie.it\/fr\/wp-json\/wp\/v2\/users\/2"}],"replies":[{"embeddable":true,"href":"https:\/\/www.grandezzemeraviglie.it\/fr\/wp-json\/wp\/v2\/comments?post=3214"}],"version-history":[{"count":2,"href":"https:\/\/www.grandezzemeraviglie.it\/fr\/wp-json\/wp\/v2\/posts\/3214\/revisions"}],"predecessor-version":[{"id":12746,"href":"https:\/\/www.grandezzemeraviglie.it\/fr\/wp-json\/wp\/v2\/posts\/3214\/revisions\/12746"}],"wp:featuredmedia":[{"embeddable":true,"href":"https:\/\/www.grandezzemeraviglie.it\/fr\/wp-json\/wp\/v2\/media\/15011"}],"wp:attachment":[{"href":"https:\/\/www.grandezzemeraviglie.it\/fr\/wp-json\/wp\/v2\/media?parent=3214"}],"wp:term":[{"taxonomy":"category","embeddable":true,"href":"https:\/\/www.grandezzemeraviglie.it\/fr\/wp-json\/wp\/v2\/categories?post=3214"},{"taxonomy":"post_tag","embeddable":true,"href":"https:\/\/www.grandezzemeraviglie.it\/fr\/wp-json\/wp\/v2\/tags?post=3214"}],"curies":[{"name":"wp","href":"https:\/\/api.w.org\/{rel}","templated":true}]}}