{"id":3218,"date":"2016-11-28T13:23:09","date_gmt":"2016-11-28T12:23:09","guid":{"rendered":"https:\/\/www.grandezzemeraviglie.it\/?p=3218"},"modified":"2025-01-21T14:10:17","modified_gmt":"2025-01-21T13:10:17","slug":"lart-dans-les-monasteres-lart-pour-les-monasteres","status":"publish","type":"post","link":"https:\/\/www.grandezzemeraviglie.it\/fr\/lart-dans-les-monasteres-lart-pour-les-monasteres\/","title":{"rendered":"L&rsquo;Art dans les monast\u00e8res, l&rsquo;Art pour les monast\u00e8res 2014"},"content":{"rendered":"<h4 style=\"text-align: center;\">Colloque, 28-29 novembre, Mod\u00e8ne, Abbaye de San Pietro<\/h4>\n<h3 style=\"text-align: center;\">L&rsquo;ART DANS LES MONASTERES, L&rsquo;ART POUR LES MONASTERES<\/h3>\n<p>\u00c9criture, art et musique aupr\u00e8s des B\u00e9n\u00e9dictins et d\u2019autres ordres religieux<\/p>\n<p style=\"text-align: justify;\">Vendredi 28 et samedi 29 novembre, aupr\u00e8s de l\u2019abbaye de San Pietro, aura lieu le colloque <strong>\u00ab\u00a0L\u2019art dans les monast\u00e8res, l\u2019art pour les monast\u00e8res\u00a0: \u00e9criture, art et musique aupr\u00e8s des B\u00e9n\u00e9dictins et d\u2019autres ordres religieux\u00a0\u00bb<\/strong>, organis\u00e9 par le monast\u00e8re en collaboration avec <em>Grandezze &amp; Meraviglie<\/em> et la d\u00e9l\u00e9gation de Mod\u00e8ne du FAI (Fondo Ambiente Italiano).<\/p>\n<p style=\"text-align: justify;\">Organis\u00e9 par Sonia Cavicchioli et Vincenzo Vandelli, le colloque continue les activit\u00e9s d\u2019\u00e9tude autour du monast\u00e8re b\u00e9n\u00e9dictin et explore les m\u00e9thodes de recherche sur la culture produite dans les monast\u00e8res. Outre les dimensions \u00e9conomique, documentaire et de la pri\u00e8re musicale \u00e0 San Pietro, seront abord\u00e9s des sujets tels que la tradition iconographique, les <em>scriptoria <\/em>de l\u2019Italie du sud, les commandes aristocratiques\u00a0 ayant un rapport avec des personnalit\u00e9s ou des endroits de Mod\u00e8ne\u00a0: les monast\u00e8res des Carmes, de Saint Pierre et de Saint Paul \u00e0 Mod\u00e8ne, le couvent des Visitandines d\u2019Aix-en-Provence,\u00a0 celui des Clarisses \u00e0 Carpi.<\/p>\n<p style=\"text-align: justify;\">\n","protected":false},"excerpt":{"rendered":"<p>Colloque, 28-29 novembre, Mod\u00e8ne, Abbaye de San Pietro L&rsquo;ART DANS LES MONASTERES, L&rsquo;ART POUR LES MONASTERES \u00c9criture, art et musique aupr\u00e8s des B\u00e9n\u00e9dictins et d\u2019autres ordres religieux Vendredi 28 et [&hellip;]<\/p>\n","protected":false},"author":2,"featured_media":14885,"comment_status":"closed","ping_status":"closed","sticky":false,"template":"","format":"standard","meta":{"footnotes":""},"categories":[682],"tags":[],"class_list":["post-3218","post","type-post","status-publish","format-standard","has-post-thumbnail","hentry","category-news-fr"],"_links":{"self":[{"href":"https:\/\/www.grandezzemeraviglie.it\/fr\/wp-json\/wp\/v2\/posts\/3218","targetHints":{"allow":["GET"]}}],"collection":[{"href":"https:\/\/www.grandezzemeraviglie.it\/fr\/wp-json\/wp\/v2\/posts"}],"about":[{"href":"https:\/\/www.grandezzemeraviglie.it\/fr\/wp-json\/wp\/v2\/types\/post"}],"author":[{"embeddable":true,"href":"https:\/\/www.grandezzemeraviglie.it\/fr\/wp-json\/wp\/v2\/users\/2"}],"replies":[{"embeddable":true,"href":"https:\/\/www.grandezzemeraviglie.it\/fr\/wp-json\/wp\/v2\/comments?post=3218"}],"version-history":[{"count":2,"href":"https:\/\/www.grandezzemeraviglie.it\/fr\/wp-json\/wp\/v2\/posts\/3218\/revisions"}],"predecessor-version":[{"id":12719,"href":"https:\/\/www.grandezzemeraviglie.it\/fr\/wp-json\/wp\/v2\/posts\/3218\/revisions\/12719"}],"wp:featuredmedia":[{"embeddable":true,"href":"https:\/\/www.grandezzemeraviglie.it\/fr\/wp-json\/wp\/v2\/media\/14885"}],"wp:attachment":[{"href":"https:\/\/www.grandezzemeraviglie.it\/fr\/wp-json\/wp\/v2\/media?parent=3218"}],"wp:term":[{"taxonomy":"category","embeddable":true,"href":"https:\/\/www.grandezzemeraviglie.it\/fr\/wp-json\/wp\/v2\/categories?post=3218"},{"taxonomy":"post_tag","embeddable":true,"href":"https:\/\/www.grandezzemeraviglie.it\/fr\/wp-json\/wp\/v2\/tags?post=3218"}],"curies":[{"name":"wp","href":"https:\/\/api.w.org\/{rel}","templated":true}]}}