{"id":3233,"date":"2016-05-03T06:41:18","date_gmt":"2016-05-03T04:41:18","guid":{"rendered":"https:\/\/www.grandezzemeraviglie.it\/?p=3233"},"modified":"2025-01-21T14:10:29","modified_gmt":"2025-01-21T13:10:29","slug":"benedictins-deurope-colloque-international-modene-20-21-mai-2016-abbaye-de-san-pietro-a-modene","status":"publish","type":"post","link":"https:\/\/www.grandezzemeraviglie.it\/fr\/benedictins-deurope-colloque-international-modene-20-21-mai-2016-abbaye-de-san-pietro-a-modene\/","title":{"rendered":"B\u00e9n\u00e9dictins d&rsquo;Europe &#8211; Colloque international, Mod\u00e8ne 20-21 mai 2016, Abbaye de San Pietro \u00e0 Mod\u00e8ne"},"content":{"rendered":"<p style=\"text-align: center;\"><em>Vendredi 20 et samedi 21 mai 2016<\/em><\/p>\n<p style=\"text-align: center;\">Colloque international<\/p>\n<h2 style=\"text-align: center;\"><span style=\"color: #800000;\"><strong>B\u00c9N\u00c9DICTINS D\u2019EUROPE<\/strong><\/span><\/h2>\n<h2 style=\"text-align: center;\"><span style=\"color: #800000;\"><strong>Anciennes commandes, restaurations, nouvelles fonctions<\/strong><\/span><strong>\u00a0<\/strong><\/h2>\n<p style=\"text-align: center;\">Salle Santa Scolastica \u2013 Chiostro delle Colonne<\/p>\n<p style=\"text-align: center;\">Via San Pietro 1, Mod\u00e8ne<\/p>\n<p style=\"text-align: justify;\">Le 20 et le 21 mai 2016, \u00e0 l\u2019occasion du quatri\u00e8me anniversaire du s\u00e9isme de 2012, aura lieu dans la salle Santa Scolastica de l\u2019Abbaye de San Pietro le colloque international organis\u00e9 par le Centre d\u2019\u00c9tudes de l\u2019Abbaye des P\u00e8res B\u00e9n\u00e9dictins de San Pietro, gr\u00e2ce au partenariat avec l\u2019universit\u00e9 de Texas-Arlington et \u00e0 la contribution de la Fondation Caisse d\u2019\u00c9pargne de Mod\u00e8ne.<\/p>\n<p style=\"text-align: justify;\">Pour l\u2019occasion se r\u00e9uniront des experts italiens et \u00e9trangers afin de pr\u00e9senter les \u00e9tudes les plus r\u00e9centes sur l\u2019art dans les monast\u00e8res b\u00e9n\u00e9dictins, se focalisant en particulier sur les c\u00e9nobies appartenant \u00e0 la Congr\u00e9gation de Cassino, \u00e0 laquelle l\u2019abbaye de San Pietro adh\u00e9ra au XV<sup>e<\/sup> si\u00e8cle. On r\u00e9fl\u00e9chira sur des artistes qui ont travaill\u00e9 pour les B\u00e9n\u00e9dictins, et sur la circulation des id\u00e9es et des mod\u00e8les. Aussi pr\u00e9sentera-t-on d\u2019importantes restaurations italiennes et europ\u00e9ennes, ayant men\u00e9 \u00e0 une revitalisation, voire \u00e0 l\u2019acquisition de nouvelles fonctions de la part des monast\u00e8res, tout en respectant la R\u00e8gle b\u00e9n\u00e9dictine et avec l\u2019objectif de r\u00e9cup\u00e9rer un patrimoine qui concerne l\u2019Europe enti\u00e8re.<\/p>\n<p style=\"text-align: justify;\">Les institutions suivantes ont aussi contribu\u00e9 \u00e0 la r\u00e9alisation du colloque\u00a0: Mairie de Mod\u00e8ne, Ordre des architectes de la Province de Mod\u00e8ne, Grandezze &amp; Meraviglie Festival Musicale Estense, Garden Club de Mod\u00e8ne, MGN, Neon King, Ora et Labora, Soing.<\/p>\n<p style=\"text-align: justify;\">L\u2019\u00e9v\u00e9nement a obtenu le patronage du Minist\u00e8re des Biens et Activit\u00e9s culturels et du Tourisme, de la R\u00e9gion Emilie-Romagne, de l\u2019Universit\u00e9 de Bologne, de l\u2019archidioc\u00e8se de Mod\u00e8ne-Nonantola et du dioc\u00e8se de Reggio-Guastalla.<\/p>\n<p style=\"text-align: justify;\"><a href=\"https:\/\/www.grandezzemeraviglie.it\/wp-content\/uploads\/2017\/08\/BENEDETTINI-DEUROPA_Programma.pdf\"><u>T\u00e9l\u00e9chargez le d\u00e9pliant du colloque (PDF)<\/u><\/a><\/p>\n","protected":false},"excerpt":{"rendered":"<p>Vendredi 20 et samedi 21 mai 2016 Colloque international B\u00c9N\u00c9DICTINS D\u2019EUROPE Anciennes commandes, restaurations, nouvelles fonctions\u00a0 Salle Santa Scolastica \u2013 Chiostro delle Colonne Via San Pietro 1, Mod\u00e8ne Le 20 [&hellip;]<\/p>\n","protected":false},"author":2,"featured_media":15863,"comment_status":"closed","ping_status":"closed","sticky":false,"template":"","format":"standard","meta":{"footnotes":""},"categories":[682],"tags":[],"class_list":["post-3233","post","type-post","status-publish","format-standard","has-post-thumbnail","hentry","category-news-fr"],"_links":{"self":[{"href":"https:\/\/www.grandezzemeraviglie.it\/fr\/wp-json\/wp\/v2\/posts\/3233","targetHints":{"allow":["GET"]}}],"collection":[{"href":"https:\/\/www.grandezzemeraviglie.it\/fr\/wp-json\/wp\/v2\/posts"}],"about":[{"href":"https:\/\/www.grandezzemeraviglie.it\/fr\/wp-json\/wp\/v2\/types\/post"}],"author":[{"embeddable":true,"href":"https:\/\/www.grandezzemeraviglie.it\/fr\/wp-json\/wp\/v2\/users\/2"}],"replies":[{"embeddable":true,"href":"https:\/\/www.grandezzemeraviglie.it\/fr\/wp-json\/wp\/v2\/comments?post=3233"}],"version-history":[{"count":2,"href":"https:\/\/www.grandezzemeraviglie.it\/fr\/wp-json\/wp\/v2\/posts\/3233\/revisions"}],"predecessor-version":[{"id":12798,"href":"https:\/\/www.grandezzemeraviglie.it\/fr\/wp-json\/wp\/v2\/posts\/3233\/revisions\/12798"}],"wp:featuredmedia":[{"embeddable":true,"href":"https:\/\/www.grandezzemeraviglie.it\/fr\/wp-json\/wp\/v2\/media\/15863"}],"wp:attachment":[{"href":"https:\/\/www.grandezzemeraviglie.it\/fr\/wp-json\/wp\/v2\/media?parent=3233"}],"wp:term":[{"taxonomy":"category","embeddable":true,"href":"https:\/\/www.grandezzemeraviglie.it\/fr\/wp-json\/wp\/v2\/categories?post=3233"},{"taxonomy":"post_tag","embeddable":true,"href":"https:\/\/www.grandezzemeraviglie.it\/fr\/wp-json\/wp\/v2\/tags?post=3233"}],"curies":[{"name":"wp","href":"https:\/\/api.w.org\/{rel}","templated":true}]}}