{"id":4592,"date":"2018-09-24T14:31:38","date_gmt":"2018-09-24T14:31:38","guid":{"rendered":"https:\/\/www.grandezzemeraviglie.it\/?p=4592"},"modified":"2025-01-21T11:19:27","modified_gmt":"2025-01-21T10:19:27","slug":"tenebrae-modena-6-ottobre-ore-21-festival-grandezze-meraviglie-2018","status":"publish","type":"post","link":"https:\/\/www.grandezzemeraviglie.it\/fr\/tenebrae-modena-6-ottobre-ore-21-festival-grandezze-meraviglie-2018\/","title":{"rendered":"Tenebrae &#8211; @Modena &#8211; 6 Ottobre ore 20 e 21.30 &#8211; Festival Grandezze &#038; Meraviglie 2018"},"content":{"rendered":"<p>&nbsp;<\/p>\n<p style=\"text-align: center;\"><strong><a href=\"http:\/\/www.planetariodimodena.it\/pr_eve7.php#\" target=\"_blank\" rel=\"noopener noreferrer\">necessaria la prenotazione, riserva qui il tuo posto!*<\/a><\/strong><\/p>\n<p style=\"text-align: center;\"><span style=\"font-size: 10pt;\"><strong><em>*in caso di posti ancora disponibili sar\u00e0 possibile accedere senza prenotazione<\/em><\/strong><\/span><\/p>\n<p>&nbsp;<\/p>\n<p style=\"text-align: center;\"><strong>Sabato 6 ottobre, <\/strong><strong>ore 20 e ore 21.30<\/strong><\/p>\n<p style=\"text-align: center;\">MODENA Planetario<\/p>\n<p>&nbsp;<\/p>\n<p style=\"text-align: center;\"><strong>TENEBRAE<br \/>\nMusica di Fran\u00e7ois Couperin<br \/>\n<\/strong><br \/>\nMaria Chiara Gallo <em>mezzosoprano<\/em><br \/>\nGiovanni Paganelli <em>clavicembalo<\/em><br \/>\nPaola Bigini <em>narrazioni<\/em><\/p>\n<p>&nbsp;<\/p>\n<p style=\"text-align: center;\"><a href=\"https:\/\/www.grandezzemeraviglie.it\/wp-content\/uploads\/2018\/09\/Programma-6-10.pdf\" target=\"_blank\" rel=\"noopener noreferrer\"><strong>scopri il programma<\/strong><\/a><\/p>\n<p>&nbsp;<\/p>\n<p style=\"text-align: center;\">Lo spettacolo si svolge alla sola \u201cvista\u201d della volta celeste, intrecciando il programma musicale, dedicato alle \u201cLe\u00e7ons des T\u00e9n\u00e8bres\u201d di Fran\u00e7ois Couperin, con suggestioni culturali inerenti al tema del \u201cbuio\u201d anche secondo la tradizione delle celebrazioni del Mercoled\u00ec Santo ma anche ai cicli notturni degli astri.<\/p>\n<p>&nbsp;<\/p>\n<p style=\"text-align: center;\"><strong>B<\/strong><strong>IGLIETTERIA\u00a0<\/strong><br \/>\nsul luogo 30 minuti prima dell\u2019inizio del concerto<\/p>\n<p style=\"text-align: center;\">\n","protected":false},"excerpt":{"rendered":"<p>&nbsp; necessaria la prenotazione, riserva qui il tuo posto!* *in caso di posti ancora disponibili sar\u00e0 possibile accedere senza prenotazione &nbsp; Sabato 6 ottobre, ore 20 e ore 21.30 MODENA [&hellip;]<\/p>\n","protected":false},"author":2,"featured_media":4593,"comment_status":"closed","ping_status":"closed","sticky":false,"template":"","format":"standard","meta":{"footnotes":""},"categories":[692],"tags":[235,236,70,237,140,238],"class_list":["post-4592","post","type-post","status-publish","format-standard","has-post-thumbnail","hentry","category-news","tag-festival-estense","tag-festival-musicale-2018","tag-grandezze-meraviglie","tag-mezzosoprano","tag-planetario-modena","tag-tenebrae"],"_links":{"self":[{"href":"https:\/\/www.grandezzemeraviglie.it\/fr\/wp-json\/wp\/v2\/posts\/4592","targetHints":{"allow":["GET"]}}],"collection":[{"href":"https:\/\/www.grandezzemeraviglie.it\/fr\/wp-json\/wp\/v2\/posts"}],"about":[{"href":"https:\/\/www.grandezzemeraviglie.it\/fr\/wp-json\/wp\/v2\/types\/post"}],"author":[{"embeddable":true,"href":"https:\/\/www.grandezzemeraviglie.it\/fr\/wp-json\/wp\/v2\/users\/2"}],"replies":[{"embeddable":true,"href":"https:\/\/www.grandezzemeraviglie.it\/fr\/wp-json\/wp\/v2\/comments?post=4592"}],"version-history":[{"count":1,"href":"https:\/\/www.grandezzemeraviglie.it\/fr\/wp-json\/wp\/v2\/posts\/4592\/revisions"}],"predecessor-version":[{"id":12627,"href":"https:\/\/www.grandezzemeraviglie.it\/fr\/wp-json\/wp\/v2\/posts\/4592\/revisions\/12627"}],"wp:featuredmedia":[{"embeddable":true,"href":"https:\/\/www.grandezzemeraviglie.it\/fr\/wp-json\/wp\/v2\/media\/4593"}],"wp:attachment":[{"href":"https:\/\/www.grandezzemeraviglie.it\/fr\/wp-json\/wp\/v2\/media?parent=4592"}],"wp:term":[{"taxonomy":"category","embeddable":true,"href":"https:\/\/www.grandezzemeraviglie.it\/fr\/wp-json\/wp\/v2\/categories?post=4592"},{"taxonomy":"post_tag","embeddable":true,"href":"https:\/\/www.grandezzemeraviglie.it\/fr\/wp-json\/wp\/v2\/tags?post=4592"}],"curies":[{"name":"wp","href":"https:\/\/api.w.org\/{rel}","templated":true}]}}