{"id":18132,"global_id":"www.grandezzemeraviglie.it\/it\/?id=18132","global_id_lineage":["www.grandezzemeraviglie.it\/it\/?id=18132"],"author":"2","status":"publish","date":"2025-09-01 16:02:56","date_utc":"2025-09-01 14:02:56","modified":"2025-11-07 16:57:07","modified_utc":"2025-11-07 15:57:07","url":"https:\/\/www.grandezzemeraviglie.it\/it\/evento\/dancing-europe-musica-barocca-danzante\/","rest_url":"https:\/\/www.grandezzemeraviglie.it\/it\/wp-json\/tribe\/events\/v1\/events\/18132","title":"DANCING EUROPE. Musica barocca danzante","description":"<p style=\"text-align: center;\"><em>in occasione di \u201cGrandezze &amp; Meraviglie 2025 \u2013 XVIII Festival Musicale Estense\u201d<\/em><\/p>\n<p>&nbsp;<\/p>\n<p style=\"text-align: center;\">Sabato 8 novembre, Modena<br \/>\nMuseo Civico, nuova sala espositiva, ore 20.30<\/p>\n<p style=\"text-align: center;\"><strong>DANCING EUROPE<br \/>\nMusica barocca danzante<br \/>\nda Couperin a Telemann<\/strong><\/p>\n<p style=\"text-align: center;\">\u00a0OVERTONE BAROQUE ENSEMBLE<br \/>\nKlaudia Matlak <em>violino barocco<\/em><br \/>\nJulia Karpeta <em>viola da gamba<\/em><br \/>\nMaurycy Raczy\u0144ski <em>clavicembalo<\/em><br \/>\nMichaela Koudelkova <em>flauto dritto e flauto traverso<\/em><\/p>\n<p style=\"text-align: center;\">Leggi di pi\u00f9 sul sito del <a href=\"https:\/\/www.museocivicomodena.it\/it\/notizie\/ti-invito-al-museo#:~:text=ALLA%20NEWS%20COMPLETA-,Grandezze%20%26%20Meraviglie%20XVIII%20Festival%20musicale%20estense,-Sabato%208%20novembre\" target=\"_blank\" rel=\"noopener\"><strong>Museo Civico di Modena<\/strong><\/a><\/p>\n<p style=\"text-align: center;\"><strong>&#8212;<\/strong><\/p>\n<p style=\"text-align: center;\">GEORG PHILIPP TELEMANN (1681-1767)<br \/>\nQuator 43:G4, Nouveaux Quators en Six Suites<br \/>\n<em>Pr\u00e9lude, L\u00e9g\u00e8rement, Mod\u00e9r\u00e9, Gai, Lentement, Vite<\/em><br \/>\n<em>da Nouveaux Quators en Six Suites, Parigi, 1738<\/em><\/p>\n<p style=\"text-align: center;\">FRAN\u00c7OIS COUPERIN (1668-1733)<br \/>\nLe Dodo, ou L\u2019amour au berceau<br \/>\n<em>da Troisi\u00e8me Livre de Pi\u00e8ces de Clavecin, Parigi, 1722<\/em><\/p>\n<p style=\"text-align: center;\">FRANCESCO BARSANTI (1690-1775)<br \/>\nA Collection of Old Scots Tunes<br \/>\nDumbarton\u2019s Dance, When she came Ben bobed, Gilliam Callum<br \/>\n<em>da A Collection of Old Scots Tunes, Edimburgo, 1742<\/em><\/p>\n<p style=\"text-align: center;\">JAMES OSWALD (1710-1769)<br \/>\nAyres for The Seasons: Winter Heart\u2019s<br \/>\n<em>Siciliana. Andante, Allegretto amoroso<\/em><br \/>\n<em>da Ayres for The Seasons, Edimburgo\/Londra, 1745-1765<\/em><\/p>\n<p style=\"text-align: center;\">NICOLA MATTEIS (1670-1714)<br \/>\nAyres for the Violin<br \/>\n<em>Allemande ad imitazione d\u2019un tartaglia, Aria for the Flute, <\/em><br \/>\n<em>Sarabanda (Adagio), Giga.Al genio turchesco, Scaramuccia<\/em><br \/>\n<em>da Ayres for the Violin, Londra, 1676-1685<\/em><\/p>\n<p style=\"text-align: center;\">GEORG FRIEDRICH H\u00c4NDEL (1685-1759)<br \/>\nPasacaille in G-minor HWV 432<\/p>\n<p style=\"text-align: center;\">FRAN\u00c7OIS COUPERIN<br \/>\nLe Rossignol en amour<br \/>\n<em>da Troisi\u00e8me Livre de Pi\u00e8ces de Clavecin, Parigi, 1722<\/em><\/p>\n<p style=\"text-align: center;\">MARIN MARAIS (1656-1728)<br \/>\nSuite \u00e0 3 en Do Majeur<br \/>\n<em>Prelude, Sarabande, Loure, Gavotte<\/em><br \/>\n<em>da Pi\u00e8ces en Trio pour les Fl\u00fbtes, Violon et Dessus de Viole, Parigi, 1692<\/em><\/p>\n<p style=\"text-align: center;\">MARIN MARAIS<br \/>\nSaillie du Caff\u00e9<br \/>\n<em>da Troisi\u00e8me livre de Pi\u00e8ces de violes, Parigi, 1711<\/em><\/p>\n<p style=\"text-align: center;\">MARIN MARAIS<br \/>\nSuite \u00e0 3 en Do Majeur<br \/>\nChaconne<br \/>\n<em>da Pi\u00e8ces en Trio pour les Fl\u00fbtes, Violon et Dessus de Viole, Parigi, 1692<\/em><\/p>\n<p>&nbsp;<\/p>\n<p style=\"text-align: left;\">Si propone un\u2019affascinante rilettura della musica fra Seicento e Settecento sulla falsariga dei movimenti di danza di cui \u00e8 permeata, attraversando i linguaggi del Barocco europeo. Si parte da Telemann, raffinato esempio di gusto galante franco-tedesco, per poi esplorare la poetica di Fran\u00e7ois Couperin, con le sue celebri pi\u00e8ces per clavicembalo che si trasformano in ritratti psicologici. Sul versante britannico, il programma riscopre gemme rare: dalle melodie popolari scozzesi stilizzate dall\u2019italiano Francesco Barsanti, alla scrittura pi\u00f9 intima di James Oswald. Il virtuosismo napoletano di Nicola Matteis, con danze piene di vivacit\u00e0 teatrale slitta balza nella monumentale<em> Passacaille<\/em> di H\u00e4ndel e, a chiudere, le pagine piene di nobilt\u00e0 e grazia di Marin Marais. \u00a0Il giorno successivo, <em>Danze musicali <\/em>sar\u00e0 un concerto-racconto dedicato ai bambini per scoprire la musica barocca danzante, lasciandosi guidare dalla fantasia e dal suono dei tanti diversi flauti e degli altri strumenti dell&#8217;ensemble.<\/p>\n<p style=\"text-align: left;\"><strong>Seguici sui nostri profili social per le ultime novit\u00e0!<\/strong><br \/>\n<strong><a href=\"https:\/\/www.facebook.com\/grandezzemeraviglie\">Facebook<\/a>\u00a0|\u00a0<a href=\"https:\/\/www.instagram.com\/grandezze_meraviglie\/\">Instagram<\/a>\u00a0|\u00a0<a href=\"https:\/\/youtube.com\/@grandezzemeravigliefestiva2396?si=NKvPxqtSDvaXGkn1\">YouTube<\/a><\/strong><\/p>\n<p style=\"text-align: left;\"><strong>Iscriviti alla nostra Newsletter per rimanere sempre aggiornato!<\/strong><\/p>","excerpt":"","slug":"dancing-europe-musica-barocca-danzante","image":{"url":"https:\/\/www.grandezzemeraviglie.it\/wp-content\/uploads\/2025\/08\/Orizzontale-GM2025-26-ORIZZONTALE_2025-11-08_Dancing-Europe.png","id":18133,"extension":"png","width":1100,"height":700,"filesize":1069690,"sizes":{"medium":{"width":300,"height":191,"mime-type":"image\/png","filesize":76869,"url":"https:\/\/www.grandezzemeraviglie.it\/wp-content\/uploads\/2025\/08\/Orizzontale-GM2025-26-ORIZZONTALE_2025-11-08_Dancing-Europe-300x191.png"},"large":{"width":1024,"height":652,"mime-type":"image\/png","filesize":586559,"url":"https:\/\/www.grandezzemeraviglie.it\/wp-content\/uploads\/2025\/08\/Orizzontale-GM2025-26-ORIZZONTALE_2025-11-08_Dancing-Europe-1024x652.png"},"thumbnail":{"width":150,"height":150,"mime-type":"image\/png","filesize":32844,"url":"https:\/\/www.grandezzemeraviglie.it\/wp-content\/uploads\/2025\/08\/Orizzontale-GM2025-26-ORIZZONTALE_2025-11-08_Dancing-Europe-150x150.png"},"medium_large":{"width":768,"height":489,"mime-type":"image\/png","filesize":365883,"url":"https:\/\/www.grandezzemeraviglie.it\/wp-content\/uploads\/2025\/08\/Orizzontale-GM2025-26-ORIZZONTALE_2025-11-08_Dancing-Europe-768x489.png"}}},"all_day":false,"start_date":"2025-11-08 20:30:00","start_date_details":{"year":"2025","month":"11","day":"08","hour":"20","minutes":"30","seconds":"00"},"end_date":"2025-11-08 21:30:00","end_date_details":{"year":"2025","month":"11","day":"08","hour":"21","minutes":"30","seconds":"00"},"utc_start_date":"2025-11-08 19:30:00","utc_start_date_details":{"year":"2025","month":"11","day":"08","hour":"19","minutes":"30","seconds":"00"},"utc_end_date":"2025-11-08 20:30:00","utc_end_date_details":{"year":"2025","month":"11","day":"08","hour":"20","minutes":"30","seconds":"00"},"timezone":"Europe\/Rome","timezone_abbr":"CET","cost":"\u20ac2 - \u20ac15","cost_details":{"currency_symbol":"\u20ac","currency_code":"EUR","currency_position":"prefix","values":["2","15"]},"website":"","show_map":false,"show_map_link":true,"hide_from_listings":false,"sticky":false,"featured":false,"categories":[{"name":"Concerto Modena","slug":"concerto-modena","term_group":0,"term_taxonomy_id":23,"taxonomy":"tribe_events_cat","description":"","parent":0,"count":235,"filter":"raw","id":23,"urls":{"self":"https:\/\/www.grandezzemeraviglie.it\/it\/wp-json\/tribe\/events\/v1\/categories\/23","collection":"https:\/\/www.grandezzemeraviglie.it\/it\/wp-json\/tribe\/events\/v1\/categories"}}],"tags":[],"venue":{"id":12920,"author":"1","status":"publish","date":"2025-01-23 17:17:21","date_utc":"2025-01-23 16:17:21","modified":"2025-01-23 17:17:21","modified_utc":"2025-01-23 16:17:21","url":"https:\/\/www.grandezzemeraviglie.it\/it\/luogo\/museo-civico\/","venue":"Museo Civico","slug":"museo-civico","city":"Modena","json_ld":{"@type":"Place","name":"Museo Civico","description":"","url":"https:\/\/www.grandezzemeraviglie.it\/it\/luogo\/museo-civico\/","address":{"@type":"PostalAddress","addressLocality":"Modena"},"telephone":"","sameAs":""},"show_map":true,"show_map_link":true,"global_id":"www.grandezzemeraviglie.it\/it\/?id=12920","global_id_lineage":["www.grandezzemeraviglie.it\/it\/?id=12920"]},"organizer":[],"custom_fields":[],"json_ld":{"@context":"http:\/\/schema.org","@type":"Event","name":"DANCING EUROPE. Musica barocca danzante","description":"&lt;p&gt;in occasione di \u201cGrandezze &amp; Meraviglie 2025 \u2013 XVIII Festival Musicale Estense\u201d &nbsp; Sabato 8 novembre, Modena Museo Civico, nuova sala espositiva, ore 20.30 DANCING EUROPE Musica barocca danzante da [&hellip;]&lt;\/p&gt;\\n","image":"https:\/\/www.grandezzemeraviglie.it\/wp-content\/uploads\/2025\/08\/Orizzontale-GM2025-26-ORIZZONTALE_2025-11-08_Dancing-Europe.png","url":"https:\/\/www.grandezzemeraviglie.it\/it\/evento\/dancing-europe-musica-barocca-danzante\/","eventAttendanceMode":"https:\/\/schema.org\/OfflineEventAttendanceMode","eventStatus":"https:\/\/schema.org\/EventScheduled","startDate":"2025-11-08T20:30:00+01:00","endDate":"2025-11-08T21:30:00+01:00","location":{"@type":"Place","name":"Museo Civico","description":"","url":"https:\/\/www.grandezzemeraviglie.it\/it\/luogo\/museo-civico\/","address":{"@type":"PostalAddress","addressLocality":"Modena"},"telephone":"","sameAs":""},"offers":{"@type":"Offer","price":"2 - 15","priceCurrency":"EUR","url":"https:\/\/www.grandezzemeraviglie.it\/it\/evento\/dancing-europe-musica-barocca-danzante\/","category":"primary","availability":"inStock","validFrom":"1970-01-01T00:00:00+00:00"},"performer":"Organization"},"is_virtual":false,"virtual_url":null,"virtual_video_source":""}