{"id":2520,"date":"2017-09-11T16:21:36","date_gmt":"2017-09-11T16:21:36","guid":{"rendered":"https:\/\/www.grandezzemeraviglie.it\/?p=2520"},"modified":"2025-01-21T11:20:54","modified_gmt":"2025-01-21T10:20:54","slug":"festival-grandezze-e-meraviglie-2017-concerto-modena-galleria-estense-20-settembre-2017","status":"publish","type":"post","link":"https:\/\/www.grandezzemeraviglie.it\/it\/festival-grandezze-e-meraviglie-2017-concerto-modena-galleria-estense-20-settembre-2017\/","title":{"rendered":"Festival Grandezze e Meraviglie 2017 \u2013 Concerto @Modena, Galleria Estense &#8211; 20 settembre 2017"},"content":{"rendered":"<p style=\"text-align: center;\">\n<p style=\"text-align: center;\"><span style=\"font-weight: 400;\">Mercoled\u00ec 20 settembre MODENA\u00a0<\/span><i><span style=\"font-weight: 400;\">ore 20.30<\/span><\/i><\/p>\n<p style=\"text-align: center;\"><span style=\"font-weight: 400;\"><a href=\"https:\/\/www.grandezzemeraviglie.it\/festival-2017\/i-luoghi-del-festival\/\"><strong>Galleria Estense<\/strong><\/a><\/span><\/p>\n<p style=\"text-align: center;\"><span style=\"color: #800000;\"><b>VIAGGIO MUSICALE<\/b><\/span><\/p>\n<p style=\"text-align: center;\"><span style=\"color: #800000;\"><b>Da Roma al Sacro Romano Impero (1615-1682)<\/b><\/span><\/p>\n<p style=\"text-align: center;\" align=\"left\">Theorema<\/p>\n<p style=\"text-align: center;\" align=\"left\"><em>violino, viola da braccio e violino, viola da gamba\u00a0<\/em><em>e violoncello tenore, violone, clavicembalo<\/em><\/p>\n<p style=\"text-align: center;\"><span style=\"color: #000080;\"><em>Puoi acquistare il biglietto del concerto direttamente online da <strong><a href=\"http:\/\/srvticket.artacom.it\/biglietteria\/cercaPostiPub.do?idEvento=13945\" target=\"_blank\" rel=\"noopener\">qui<\/a><\/strong><\/em><\/span><\/p>\n<p>&nbsp;<\/p>\n<p style=\"text-align: justify;\">Il concerto rappresenta un percorso musicale che attraversa luoghi particolarmente influenzati dalla presenza di forti personalit\u00e0 musicali, ma \u00e8 ancor pi\u00f9 un viaggio nel secolo attraverso gli innumerevoli incroci di artisti che si sono scambiati impressioni, suggestioni, lingue diverse e personali invenzioni attraverso il contatto diretto e le edizioni a stampa nel \u00a0VII secolo: Legrenzi, Rosenm\u00fcller, Kapsberger, Frescobaldi, Cima, Uccellini.<\/p>\n<p style=\"text-align: justify;\">THEOREMA (violino, Claudia Combs, viola da braccio e violino, Massimo Percivaldi, viola da gamba e violoncello tenore, Roberto Gini, violone, Marco Angilella, clavicembalo, Sara Dieci) \u00e8 stato fondato nel 2015 da Roberto Gini, un nuovo ensemble votato al repertorio strumentale del passato eseguito su strumenti storici che ha gi\u00e0 realizzato una registrazione dedicata alle composizioni di John Jenkins e William Lawes. Roberto Gini \u00e8 strettamente legato alla storia di <em>Grandezze &amp; Meraviglie<\/em>, in quanto fu, assieme a Enrico Gatti, direttore artistico delle prime edizioni &#8217;98 e &#8217;99, con il coordinamento di Enrico Bellei.<\/p>\n<p>&nbsp;<\/p>\n<p style=\"text-align: center;\"><strong><span style=\"color: #800000;\">PROGRAMMA DEL CONCERTO<\/span><\/strong><br \/>\n<span style=\"color: #800000;\"> \u00a0\u00a0<\/span><\/p>\n<p style=\"text-align: center;\"><span style=\"color: #800000;\">Roma<\/span><\/p>\n<p style=\"text-align: center;\">\n<p style=\"text-align: center;\">Di GIOVANNI GIROLAMO KAPSBERGER nobile alemanno<\/p>\n<p style=\"text-align: center;\">\n<p style=\"text-align: center;\">Sinfonia ottava \u00e0 4; Ballo Primo; Gagliarda sesta; Sinfonia decimaquinta \u00e0 4; Corrente quinta.<\/p>\n<p style=\"text-align: center;\"><em>Libro Primo de Balli Gagliarde et Correnti a quattro voci &#8211; Libro Primo di Sinfonie a quattro; Roma, 1615<\/em><\/p>\n<p style=\"text-align: center;\">\n<p style=\"text-align: center;\">Di GIROLAMO FRESCOBALDI, Organista in san Pietro di Roma<\/p>\n<p style=\"text-align: center;\">Canzon seconda, Canto, Alto, Tenor e Basso, sopra Romanesca<\/p>\n<p style=\"text-align: center;\"><em>Canzoni da sonare; Roma, 1634<\/em><\/p>\n<p style=\"text-align: center;\">\n<p style=\"text-align: center;\"><span style=\"color: #800000;\">Ducato di Mantova<\/span><\/p>\n<p style=\"text-align: center;\">\n<p style=\"text-align: center;\">Di SALAMON ROSSI Hebreo<\/p>\n<p style=\"text-align: center;\">Sinfonia \u00e0 4; Gagliarda \u00e0 4 detta la Zambalina<\/p>\n<p style=\"text-align: center;\"><em>Il Secondo Libro delle Sinfonie e Gagliarde; Venezia, 1608<\/em><\/p>\n<p style=\"text-align: center;\">\n<p style=\"text-align: center;\">D\u2019INCERTO<\/p>\n<p style=\"text-align: center;\">Baraban; Bela che mi leghi; Bertazina; Basta ben che; Perch\u00e9; Tordiglion<\/p>\n<p style=\"text-align: center;\"><em>Ms Fondo Santa Barbara 171\/1; Milano, Bibl. del conservatorio di musica G. Verdi<\/em><\/p>\n<p style=\"text-align: center;\">\n<p style=\"text-align: center;\"><span style=\"color: #800000;\">Stato di Milano<\/span><\/p>\n<p style=\"text-align: center;\">\n<p style=\"text-align: center;\">Di GIOVANNI PAOLO CIMA, Organista della Gloriosa Madonna presso S. Celso di Milano<\/p>\n<p style=\"text-align: center;\">\n<p style=\"text-align: center;\">Sonata a quattro<\/p>\n<p style=\"text-align: center;\"><em>Concerti ecclesiastici<\/em>; Milano 1610<\/p>\n<p style=\"text-align: center;\">\n<p style=\"text-align: center;\">Di CARLO FARINA mantovano<\/p>\n<p style=\"text-align: center;\">Pavana quinta \u00e0 4; Aria franzesa seconda \u00e0 4<\/p>\n<p style=\"text-align: center;\"><em>Il Terzo Libro [&#8230;] di Carlo Farina mantovano. In Dresda alle spese dell\u2019istesso Autore, 1627<\/em><\/p>\n<p style=\"text-align: center;\">\n<p style=\"text-align: center;\"><span style=\"color: #800000;\"><em>Ducato di Modena<\/em><\/span><\/p>\n<p style=\"text-align: center;\">\n<p style=\"text-align: center;\">Di MARCO UCCELLINI capo degli Instrumentisti del Serenissimo Sig. Duca di Modana<\/p>\n<p style=\"text-align: center;\">Sonata over Canzone vigesima; Corrente terza, quinta &amp; settima a quattro<\/p>\n<p style=\"text-align: center;\"><em>Ozio Regio: compositioni armoniche sopra il violino e diversi altri strumenti, Libro Settima; Venezia, 1660<\/em><\/p>\n<p style=\"text-align: center;\">\n<p style=\"text-align: center;\"><span style=\"color: #800000;\">Venezia<\/span><\/p>\n<p style=\"text-align: center;\">\n<p style=\"text-align: center;\">Di GIOVANNI LEGRENZI<\/p>\n<p style=\"text-align: center;\">Sonata seconda \u00e0 quattro due Violini Alto e viola da brazzo<\/p>\n<p style=\"text-align: center;\"><em>La Cetra, Libro Quarto di Sonate; Venezia, 1673<\/em><\/p>\n<p style=\"text-align: center;\">\n<p style=\"text-align: center;\"><span style=\"color: #800000;\">Wolfenb\u00fcttel: Principato Braunschweig-Wolfenb\u00fcttel<\/span><\/p>\n<p style=\"text-align: center;\">\n<p style=\"text-align: center;\">Di GIOVANNI ROSENMILLER (Johann Rosenm\u00fcller)<\/p>\n<p style=\"text-align: center;\">\n<p style=\"text-align: center;\">Sonata Ottava \u00e0 4<\/p>\n<p style=\"text-align: center;\"><em>Sonate \u00e0 2.3.4.\u00e8 5 Stromenti da arco &amp; Altri; Norimberga, 1682<\/em><\/p>\n<p style=\"text-align: center;\"><em>\u00a0<\/em><\/p>\n<p style=\"text-align: center;\">Kremsier: Boemia (att. Krom\u011b\u0159\u00ed\u017e)<\/p>\n<p style=\"text-align: center;\">\n<p style=\"text-align: center;\">Del Signor HENRICO BIBER (Heinrich Ignaz Franz Biber)<\/p>\n<p style=\"text-align: center;\">Balletti Lamentabili a 4, Composti Cremsirii 1670<\/p>\n<p style=\"text-align: center;\">Sonata; Allamanda; Sarabande; Gavotte; Gigue; Lamenti<\/p>\n<p style=\"text-align: center;\"><em>Ms. Krom\u011b\u0159\u00ed\u017e, Arcibiskupsk\u00fd z\u00e1mek &#8211; Hudebn\u00ed sb\u00edrka; CZ-Kra<\/em><\/p>\n","protected":false},"excerpt":{"rendered":"<p>Mercoled\u00ec 20 settembre MODENA\u00a0ore 20.30 Galleria Estense VIAGGIO MUSICALE Da Roma al Sacro Romano Impero (1615-1682) Theorema violino, viola da braccio e violino, viola da gamba\u00a0e violoncello tenore, violone, clavicembalo [&hellip;]<\/p>\n","protected":false},"author":3,"featured_media":3816,"comment_status":"closed","ping_status":"closed","sticky":false,"template":"","format":"standard","meta":{"footnotes":""},"categories":[692],"tags":[85,121],"class_list":["post-2520","post","type-post","status-publish","format-standard","has-post-thumbnail","hentry","category-news","tag-galleria-estense-modena","tag-theorema"],"_links":{"self":[{"href":"https:\/\/www.grandezzemeraviglie.it\/it\/wp-json\/wp\/v2\/posts\/2520","targetHints":{"allow":["GET"]}}],"collection":[{"href":"https:\/\/www.grandezzemeraviglie.it\/it\/wp-json\/wp\/v2\/posts"}],"about":[{"href":"https:\/\/www.grandezzemeraviglie.it\/it\/wp-json\/wp\/v2\/types\/post"}],"author":[{"embeddable":true,"href":"https:\/\/www.grandezzemeraviglie.it\/it\/wp-json\/wp\/v2\/users\/3"}],"replies":[{"embeddable":true,"href":"https:\/\/www.grandezzemeraviglie.it\/it\/wp-json\/wp\/v2\/comments?post=2520"}],"version-history":[{"count":1,"href":"https:\/\/www.grandezzemeraviglie.it\/it\/wp-json\/wp\/v2\/posts\/2520\/revisions"}],"predecessor-version":[{"id":12696,"href":"https:\/\/www.grandezzemeraviglie.it\/it\/wp-json\/wp\/v2\/posts\/2520\/revisions\/12696"}],"wp:featuredmedia":[{"embeddable":true,"href":"https:\/\/www.grandezzemeraviglie.it\/it\/wp-json\/wp\/v2\/media\/3816"}],"wp:attachment":[{"href":"https:\/\/www.grandezzemeraviglie.it\/it\/wp-json\/wp\/v2\/media?parent=2520"}],"wp:term":[{"taxonomy":"category","embeddable":true,"href":"https:\/\/www.grandezzemeraviglie.it\/it\/wp-json\/wp\/v2\/categories?post=2520"},{"taxonomy":"post_tag","embeddable":true,"href":"https:\/\/www.grandezzemeraviglie.it\/it\/wp-json\/wp\/v2\/tags?post=2520"}],"curies":[{"name":"wp","href":"https:\/\/api.w.org\/{rel}","templated":true}]}}