{"id":2654,"date":"2017-09-27T17:44:35","date_gmt":"2017-09-27T17:44:35","guid":{"rendered":"https:\/\/www.grandezzemeraviglie.it\/?p=2654"},"modified":"2025-01-21T11:20:54","modified_gmt":"2025-01-21T10:20:54","slug":"festival-grandezze-e-meraviglie-2017-concerto-vignola-rocca-dei-contrari-10-ottobre-2017","status":"publish","type":"post","link":"https:\/\/www.grandezzemeraviglie.it\/it\/festival-grandezze-e-meraviglie-2017-concerto-vignola-rocca-dei-contrari-10-ottobre-2017\/","title":{"rendered":"Festival Grandezze e Meraviglie 2017 \u2013 Concerto @Vignola, Rocca dei Contrari &#8211; 10 ottobre 2017"},"content":{"rendered":"<p style=\"text-align: center;\">Marted\u00ec 10 ottobre VIGNOLA\u00a0<i>ore 21<\/i><\/p>\n<p style=\"text-align: center;\"><a href=\"https:\/\/www.grandezzemeraviglie.it\/festival-2017\/i-luoghi-del-festival\/\"><strong><span style=\"color: #000080;\">Rocca, Sala dei Contrari<\/span><\/strong><\/a><\/p>\n<p style=\"text-align: center;\"><b>VENEZIA VIRTUOSA<br \/>\n<\/b><\/p>\n<p style=\"text-align: center;\"><b>Sonate concertate per fiati nella Venezia del primo Seicento<br \/>\n<\/b><\/p>\n<p style=\"text-align: center;\" align=\"left\">Ensemble Quoniam<\/p>\n<p style=\"text-align: center;\" align=\"left\">Paolo Tognon <em>direzione<\/em><\/p>\n<p>&nbsp;<\/p>\n<p style=\"text-align: center;\"><span style=\"text-decoration: underline; color: #000080;\"><strong><a href=\"http:\/\/srvticket.artacom.it\/biglietteria\/cercaPostiPub.do?idEvento=13948\" target=\"_blank\" rel=\"noopener\"><em><span style=\"color: #000080; text-decoration: underline;\">Puoi acquistare il biglietto del concerto direttamente online da qui<\/span><\/em><\/a><\/strong><\/span><\/p>\n<p style=\"text-align: center;\">Per questo concerto puoi anche usufruire del<em><a href=\"https:\/\/www.grandezzemeraviglie.it\/servizio-navetta-2017\/\" target=\"_blank\" rel=\"noopener\"><strong> servizio navetta da Modena<\/strong><\/a><\/em>!<\/p>\n<p style=\"text-align: center;\">\n<p style=\"text-align: justify;\">Il Seicento veneziano \u00e8 l\u2019epoca d\u2019oro musicale in cui nasce e si sviluppa la sonata con il virtuosismo strumentale e le composizioni che esplorano le risorse espressive di strumenti altamente agili quali il flauto, il cornetto, il violino. Accanto a questi, l\u2019unico strumento grave fra quelli a fiato in grado di competere \u00e8 il fagotto (all\u2019epoca denominato dulciana). Il programma presentato da Quoniam presenta musiche di D. Castello, G.B. Fontana, T. Merula, C. Monteverdi ed \u00e8 tecnicamente impegnativo e traccia un ideale percorso fra raffinati episodi cantabili e formidabili passaggi ritmicamente arditi. Il risultato \u00e8 una sorta di duetto teatrale fra una voce strumentale acuta e una bassa, come in una competizione vocale fra cantanti d\u2019opera. Un\u2019occasione per riscoprire il fascino e l\u2019incisivit\u00e0 melodica dei compositori che riescono ancor oggi a trasmettere le emozioni sonore dei luoghi veneziani del primo barocco.<\/p>\n<p style=\"text-align: justify;\">QUONIAM<br \/>\n\u00c8 un insieme di fagotti rinascimentali (dulciane) cos\u00ec come descritti storicamente nel trattato di\u00a0Zacconi Prattica di Musica del 1592. Il gruppo \u00e8 stato fondato da Paolo Tognon, specializzato nello<br \/>\nstudio filologico dei fagotti storici insieme ad altri musicisti affini nella sensibilit\u00e0 di ricostruzione di un suono raro e fortemente evocativo del Rinascimento. Quoniam, cerca di ricreare la sonorit\u00e0 legata alla vocalit\u00e0 rinascimentale e del primo barocco, con emissioni morbide ed espressive, che le ance doppie possono produrre. L\u2019organico recentemente \u00e8 adattato anche ad esecuzioni solistiche e\/o con l\u2019integrazione del trombone rinascimentale. Dopo aver seguito i preziosi consigli di Livio Picotti, il gruppo si esibisce sia autonomamente con la presenza di un solista vocale nonch\u00e9 in collaborazione con ensembles vocali, quali: De Labyrintho diretto da Walter Testolin, la Cappella Palatina diretta\u00a0da Giovan Battista Columbro, il Coro Monteverdi di Crema diretto da Bruno Gini. Quoniam ha suonato per prestigiosi festival e rassegne di musica antica fra cui: il festival Monteverdi di Cremona, il\u00a0Festival Grandezze &amp; Meraviglie di Modena, il Festival Lodoviciano di Viadana, Musica e Poesia a S. Maurizio di Milano, il festival Musica Antiqua di Martinengo, Festival di musica antica di Magnano,\u00a0festival Musica Cortese di Gorizia, Musica e Spiritualit\u00e0 a Venezia, presso il Museo Museo Citt\u00e0 della Musica di Parma in occasione delle celebrazioni del quarto centenario della morte di Claudio\u00a0Merulo (2004) nonch\u00e9 pi\u00f9 volte per la Diocesi di Crema in complessi progetti policorali dedicati alla\u00a0musica sacra di Francesco Cavalli, eseguiti anche presso la Cattedrale di Canterbury diretti da B.\u00a0Gini. Speciali eventi musicali sono stati loro commissionati in Germania: dallo Staatlichen Instituts\u00a0fur Musikforschung Preussischer Kulturbesitz (in collaborazione con l\u2019Istituto Italiano di Cultura di\u00a0Berlino) nell\u2019ambito della rassegna Alte Musik live presso il MusikinstrumentenMuseum di Berlino,\u00a0nonch\u00e9 per il Frankischer Sommer Festival di Norimberga. Nel 2017 si esibiscono al Festival Echi Lontani di Cagliari, al Festival dell\u2019Ascensione 2017 di Milano. Sono stati invitati anche alla trasmissione radiofonica loro dedicata dalla RAI Radio3 \u201cPiazza Verdi\u201d. Recente la pubblicazione di audiovisivi per Torculus records disponibili on-line.<\/p>\n<p>&nbsp;<\/p>\n<p style=\"text-align: center;\"><span style=\"color: #800000;\"><strong>PROGRAMMA DEL CONCERTO<\/strong><\/span><\/p>\n<p style=\"text-align: center;\">\n<p style=\"text-align: center;\">TARQUINIO MERULA (1595-1665)<\/p>\n<p style=\"text-align: center;\">Toccata del II Tono organo solo<\/p>\n<p style=\"text-align: center;\">\n<p style=\"text-align: center;\">GIO. BATISTA FONTANA<\/p>\n<p style=\"text-align: center;\">Sonata seconda a sopran solo<\/p>\n<p style=\"text-align: center;\">\n<p style=\"text-align: center;\">GIOVANNI G. KAPSBERGER (1580-1651)<\/p>\n<p style=\"text-align: center;\">Toccata arpeggiata, tiorba sola<\/p>\n<p style=\"text-align: center;\">\n<p style=\"text-align: center;\">DARIO CASTELLO<\/p>\n<p style=\"text-align: center;\">Sonata ottava dal libro secondo per sopran, fagotto e continuo<\/p>\n<p style=\"text-align: center;\">\n<p style=\"text-align: center;\">CLAUDIO MONTEVERDI (1567-1643)<\/p>\n<p style=\"text-align: center;\">Voglio di vita uscir (dulciana soprano e continuo)<\/p>\n<p style=\"text-align: center;\">\n<p style=\"text-align: center;\">DARIO CASTELLO<\/p>\n<p style=\"text-align: center;\">Sonata settima dal libro primo per sopran, fagotto e continuo<\/p>\n<p style=\"text-align: center;\">\n<p style=\"text-align: center;\">SPERINDIO BERTOLDO (1529-1570)<\/p>\n<p style=\"text-align: center;\">Toccata prima e Canzon \u201cFrais e gagliard\u201d<\/p>\n<p style=\"text-align: center;\">\n<p style=\"text-align: center;\">GIO. BATISTA FONTANA<\/p>\n<p style=\"text-align: center;\">Sonata decima a fagotto, violino (soprano) e continuo<\/p>\n<p style=\"text-align: center;\">\n<p style=\"text-align: center;\">TARQUINIO MERULA<\/p>\n<p style=\"text-align: center;\">Canzona V, organo solo<\/p>\n<p style=\"text-align: center;\">\n<p style=\"text-align: center;\">DARIO CASTELLO<\/p>\n<p style=\"text-align: center;\">Sonata settima dal libro secondo per sopran, fagotto e continuo<\/p>\n<p>&nbsp;<\/p>\n","protected":false},"excerpt":{"rendered":"<p>Marted\u00ec 10 ottobre VIGNOLA\u00a0ore 21 Rocca, Sala dei Contrari VENEZIA VIRTUOSA Sonate concertate per fiati nella Venezia del primo Seicento Ensemble Quoniam Paolo Tognon direzione &nbsp; Puoi acquistare il biglietto [&hellip;]<\/p>\n","protected":false},"author":3,"featured_media":3841,"comment_status":"closed","ping_status":"closed","sticky":false,"template":"","format":"standard","meta":{"footnotes":""},"categories":[692],"tags":[143,92,144,136],"class_list":["post-2654","post","type-post","status-publish","format-standard","has-post-thumbnail","hentry","category-news","tag-ensemble-quoniam","tag-festival-2017","tag-paolo-tognon","tag-rocca-dei-contrari"],"_links":{"self":[{"href":"https:\/\/www.grandezzemeraviglie.it\/it\/wp-json\/wp\/v2\/posts\/2654","targetHints":{"allow":["GET"]}}],"collection":[{"href":"https:\/\/www.grandezzemeraviglie.it\/it\/wp-json\/wp\/v2\/posts"}],"about":[{"href":"https:\/\/www.grandezzemeraviglie.it\/it\/wp-json\/wp\/v2\/types\/post"}],"author":[{"embeddable":true,"href":"https:\/\/www.grandezzemeraviglie.it\/it\/wp-json\/wp\/v2\/users\/3"}],"replies":[{"embeddable":true,"href":"https:\/\/www.grandezzemeraviglie.it\/it\/wp-json\/wp\/v2\/comments?post=2654"}],"version-history":[{"count":1,"href":"https:\/\/www.grandezzemeraviglie.it\/it\/wp-json\/wp\/v2\/posts\/2654\/revisions"}],"predecessor-version":[{"id":12684,"href":"https:\/\/www.grandezzemeraviglie.it\/it\/wp-json\/wp\/v2\/posts\/2654\/revisions\/12684"}],"wp:featuredmedia":[{"embeddable":true,"href":"https:\/\/www.grandezzemeraviglie.it\/it\/wp-json\/wp\/v2\/media\/3841"}],"wp:attachment":[{"href":"https:\/\/www.grandezzemeraviglie.it\/it\/wp-json\/wp\/v2\/media?parent=2654"}],"wp:term":[{"taxonomy":"category","embeddable":true,"href":"https:\/\/www.grandezzemeraviglie.it\/it\/wp-json\/wp\/v2\/categories?post=2654"},{"taxonomy":"post_tag","embeddable":true,"href":"https:\/\/www.grandezzemeraviglie.it\/it\/wp-json\/wp\/v2\/tags?post=2654"}],"curies":[{"name":"wp","href":"https:\/\/api.w.org\/{rel}","templated":true}]}}