{"id":2697,"date":"2017-09-28T06:33:52","date_gmt":"2017-09-28T06:33:52","guid":{"rendered":"https:\/\/www.grandezzemeraviglie.it\/?p=2697"},"modified":"2025-01-21T11:20:54","modified_gmt":"2025-01-21T10:20:54","slug":"festival-grandezze-e-meraviglie-2017-concerto-modena-galleria-estense-25-ottobre-2017","status":"publish","type":"post","link":"https:\/\/www.grandezzemeraviglie.it\/it\/festival-grandezze-e-meraviglie-2017-concerto-modena-galleria-estense-25-ottobre-2017\/","title":{"rendered":"Festival Grandezze e Meraviglie 2017 \u2013 Concerto @Modena, Galleria Estense &#8211; 25 ottobre 2017"},"content":{"rendered":"<p style=\"text-align: center;\">Mercoled\u00ec 25 ottobre MODENA\u00a0<i>ore 20.30<\/i><\/p>\n<p style=\"text-align: center;\"><a href=\"https:\/\/www.grandezzemeraviglie.it\/festival-2017\/i-luoghi-del-festival\/\"><strong><span style=\"color: #000080;\">Galleria Estense<\/span><\/strong><\/a><\/p>\n<p style=\"text-align: center;\"><b>LA GARA DELLE QUATTRO STAGIONI<br \/>\n<\/b><\/p>\n<p style=\"text-align: center;\"><b>Sonate e cantate fra &#8216;600 e &#8216;700<br \/>\n<\/b><\/p>\n<p style=\"text-align: center;\" align=\"left\">Maria Chiara Gallo\u00a0<em>contralto<\/em><\/p>\n<p style=\"text-align: center;\" align=\"left\">Ensemble Francesco d&#8217;Este<\/p>\n<p style=\"text-align: center;\" align=\"left\">Giovanni Paganelli <em>clavicembalo<\/em><\/p>\n<p style=\"text-align: center;\" align=\"left\">Alessandro Ciccolini <em>violino e direzione<\/em><\/p>\n<p>&nbsp;<\/p>\n<p style=\"text-align: center;\"><span style=\"text-decoration: underline; color: #000080;\"><strong><a href=\"http:\/\/srvticket.artacom.it\/biglietteria\/cercaPostiPub.do?idEvento=13956\" target=\"_blank\" rel=\"noopener\"><em><span style=\"color: #000080; text-decoration: underline;\">Puoi acquistare il biglietto del concerto direttamente online da qui<\/span><\/em><\/a><\/strong><\/span><\/p>\n<p style=\"text-align: center;\">\n<p>Il concerto \u00e8 interamente dedicato alla scoperta di tre virtuosi del barocco italiano che iniziarono la loro carriera come musicisti alla corte estense di Modena, per poi diventare famosi in tutta Italia ed Europa. Il programma alterna brani strumentali e vocali, e prende vita grazie all\u2019interpretazione di Maria Chiara Gallo, contralto , e di Alessandro Ciccolini (violinista) alla guida dell\u2019ensemble Francesco d\u2019Este.<\/p>\n<p>Il primo modenese illustre \u00e8 il violinista Antonio Montanari, nato nel 1676, che successivamente fece carriera a Roma al servizio delle pi\u00f9 importanti famiglie della citt\u00e0, come i Colonna, i Pamphili e gli Ottoboni. Ascolteremo estratti dalle sue sonate per violino solo, caratterizzate dalla vivace alternanza tra diversi movimenti con carattere contrastante.<\/p>\n<p>Il secondo modenese eccellente \u00e8 Giovanni Bononcini, violoncellista virtuoso e appartenente alla famiglia di rinomati musicisti da generazioni, e che divent\u00f2 particolarmente ammirato a Vienna e Londra per le sue opere vocali, opere teatrali e cantate. Ascolteremo il suo stile vocale coinvolgente in una selezione di cantate per voce sola e basso continuo (che mostrano anche lo splendore della scrittura virtuosistica per violoncello), nonch\u00e9 alcune arie tratte dalla serenata <em>La gara delle quattro stagioni<\/em>, composta nel 1699 per la nascita di Maria Giuseppa d\u2019Austria, nipote dell\u2019imperatore Leopoldo I presso il quale Bononcini era al servizio.<\/p>\n<p>L\u2019ultimo compositore che ascolteremo \u00e8 Tomaso Antonio Vitali, bolognese di nascita ma fin da giovanissimo assunto come violinista nell\u2019orchestra di Francesco II d\u2019Este, divenendone direttore nel 1707. Le sue sonate ci propongono una continua variet\u00e0 di movimenti di danza tra loro molto differenziati e ricchi di colore, e nella \u201cSonata duodecima\u201d Vitali riprende il tema della Follia, melodia popolare molto nota e utilizzata da numerosi compositori del barocco, da Corelli a Vivaldi, da H\u00e4ndel a Bach.<\/p>\n<p style=\"text-align: justify;\"><span style=\"font-weight: 400;\">L\u2019Ensemble Francesco d\u2019Este \u00e8 stato creato nel 2015 da <\/span><i><span style=\"font-weight: 400;\">Grandezze &amp; Meraviglie <\/span><\/i><span style=\"font-weight: 400;\">come ensemble del Festival su strumenti originali in residenza. Suo obiettivo \u00e8 diffondere la musica legata in vario modo ai territori ex-estensi o per via dei compositori o per la documentazione accumulata nei secoli nelle biblioteche e negli archivi locali. Per questo intende anche valorizzare i talenti e le specializzazioni in musica antica presenti sul territorio, riportando Modena ad essere, oltre che teatro di concerti di riconosciuto valore, anche un centro di produzione di musica antica. Il concerto presenta musiche vocali di G.M. Bononcini alternati da brani strumentali di T.A. Vitali, A. Montanari.<\/span><\/p>\n<p style=\"text-align: justify;\">ALESSANDRO CICCOLINI<br \/>\nDiplomato nel 1993 al Conservatorio A. Steffani di Castelfranco Veneto, ha iniziato lo studio del\u00a0violino barocco e della prassi esecutiva antica frequentando corsi con maestri come C. Mackintosh, J. Christensen, A. Curtis, R. Goodman, T. Koopman, A. Manze, coltivando parallelamente lo studio del contrappunto storico e delle tecniche compositive barocche. Nel 1992 ha preso parte alle tourn\u00e9es dell\u2019European Community Baroque Orchestra svoltesi in Europa e in altri continenti. Dopo aver conseguito il diploma al Conservatorio, ha frequentato per due anni la classe di violino barocco\u00a0di E. Gatti presso la Civica Scuola di Musica di Milano. \u00c8 stato invitato per l\u2019anno accademico\u00a02002\/2003 a tenere un corso sulla Storia della prassi esecutiva: musica da camera presso l\u2019Universit\u00e0\u00a0di Musicologia di Cremona. Attualmente \u00e8 docente di Violino Barocco presso il conservatorio S. Giacomantonio di Cosenza. Nel 1994, allo Stift Rein, presso Graz, si \u00e8 tenuto un concerto interamente di composizioni proprie, scritte per l\u2019occasione; da allora l\u2019attivit\u00e0 di compositore e revisore\u00a0affianca quella di violinista. Ha curato la revisione dell\u2019oratorio <em>Assalonne Punito<\/em> di P. A. Ziani componendone le parti strumentali perdute, oratorio poi eseguito nel 1997 a Napoli, nel 1998 a Piacenza e a Berlino dall\u2019ensemble Il Complesso Barocco diretto da A. Curtis. Lo stesso Curtis gli ha commissionato nel 2005 la ricostruzione dell\u2019opera di A. Vivaldi recentemente ritrovata, <em>Motezuma,\u00a0<\/em>poi incisa per Deutsche Grammophon e pubblicata come partitura. Il festival dei due Mondi di\u00a0Spoleto ha messo in scena nel luglio 2006 la sua ricostruzione dell\u2019opera di A. Vivaldi Ercole sul\u00a0Termodonte sotto la direzione di A.Curtis. Attualmente collabora in qualit\u00e0 di primo violino con\u00a0La Cappella della Piet\u00e0 dei Turchini (Napoli). Recentemente ha ricostruito le parti buffe dell\u2019opera\u00a0Ottavia restituita al trono di Domenico Scarlatti, rappresentata sotto la direzione di A. Florio nel\u00a02007 a San Sebastian e al Centro di Musica Antica Piet\u00e0 dei Turchini di Napoli. Ha registrato per\u00a0Accent, Harmonia Mundi, Opus 111, Stradivarius, Tactus, ORF, BBC, RAI 1 e RAI 3. Per la casa discografica\u00a0Symphonia, ha registrato due CD contenenti composizioni in prima esecuzione in epoca moderna: <em>Il primo libro delle sonate di violino del Sig. Aldebrando Subissati sonator Famosissimo<\/em>, Fossombrone 1675 uscito nel 1997 e <em>Concerti da chiesa a quatro stromenti op II<\/em>, Casalmaggiore 1729\u00a0del compositore Andrea Zani, uscito nel 1998.<\/p>\n<p>MARIA CHIARA GALLO<br \/>\nMezzo-soprano, nata a Reggio Emilia e laureata in Canto al Conservatorio della stessa citt\u00e0. Ha\u00a0studiato musica vocale da camera con E. Battaglia e repertorio barocco con Sara Mingardo e Monica Piccinini. Ha frequentato come solista l\u2019Accademia Barocca Europea di Ambronay, sotto la direzione\u00a0di S. Kuijken. Nel 2015 ha ottenuto una borsa di studio di quattro mesi dal Teatro Lirico Sperimentale di Spoleto. Ha inoltre preso parte a Barcellona alla 5a e 6a Accademia de Musica<br \/>\nAntigua della Fundacio CIMA diretta da Jordi Savall e l\u2019Opera Studio dei Teatri di Lucca, Livorno, Pisa e Liegi, diretta da FM. Bressan. Attualmente \u00e8 seguita da Alessio Tosi in Italia. Nel dicembre 2016 ha vinto il concorso \u201cBeca Bach 2017\u201d dell\u2019associazione Bach Zum Mitsingen, si \u00e8 esibita a Barcellona come solista con diversi cicli di Cantate di JS Bach (aprendo anche il Festival BachCelona 2017) e ha partecipato a masterclass con Benjamin Bruns e Ton Koopman. \u00c8 membro\u00a0del Coro Giovanile Italiano e finalista di numerosi concorsi. Canta regolarmente con La Capilla Real de Catalunya (J. Savall) e Ghislieri Choir &amp; Consort (G. Prandi) e ha collaborato molte volte con Ensemble Zefiro, Cantar Lontano, La Fonte Musica, Talenti Vulcanici, partecipando a festival in\u00a0tutta Europa. \u00c8 co-fondatrice di Ensemble AbChordis, che ha vinto il progetto \u201cR\u00e9sidences Jeunes Ensembles\u201d e il progetto EEEmerging entrambi del Centre Culturel de Rencontre Ambronay. Nel\u00a0gennaio del 2016 Sony Deutsche Armonia Mundi ha pubblicato il primo CD del gruppo \u201cStabat\u00a0Mater\u201d. Tra i suoi recenti incarichi sono: il Requiem di Jommelli (Malta Baroque Festival), Tisbe nel\u00a0Cenerentola di Rossini (Teatro Verdi, Firenze), concerti con il Coro della Radio Svizzera Italiana e\u00a0Marta Argerich (Lugano), concerti solisti con Jordi Savall ad Amsterdam e Reims, con AbChordis\u00a0a Haud\u00e8res, Malta e Poznan, il suo debutto con Accademia Ottoboni in Tage Alter Musik Herne,\u00a0Ottavia nell\u2019Incoronazione di Poppea di Monteverdi (Bologna), concerti con La Fonte Musica a\u00a0Wrocklaw, recital solo per il Festival Grandezze e Meraviglie (Modena) , concerti con Jordi Savall e\u00a0La Capilla Real de Catalunya a Barcellona, Lipsia, Parigi. Durante la stagione 2017\/18, ha cantato nel ruolo di Aegl\u00e9e, nell\u2019opera \u201cAlcyone\u201d di Marin Marais, sotto la direzione di Jordi Savall, all\u2019Op\u00e9ra Comique (Parigi), Versailles, Teatre del Liceu (Barcellona) e Teatro de Caen.<\/p>\n<p style=\"text-align: justify;\">GIOVANNI PAGANELLI Paganelli \u00e8 clavicembalista, organista e direttore d\u2019orchestra, e collabora da alcuni anni con <em>Grandezze &amp; Meraviglie<\/em>, di cui coordina l\u2019ensemble in residenza \u201cFrancesco d\u2019Este\u201d.<\/p>\n<p style=\"text-align: center;\"><strong>PROGRAMMA DEL CONCERTO<\/strong><\/p>\n<p style=\"text-align: center;\">ANTONIO MONTANARI (1676-1737)<\/p>\n<p style=\"text-align: center;\"><em>dalle \u201cSonate \u00e0 Violino e Violoncello di vari autori\u201d<\/em><\/p>\n<p style=\"text-align: center;\"><em>(Antologia Carlo Buffagnotti, Bologna fine XVII sec.)<\/em><\/p>\n<p style=\"text-align: center;\">Sonata in re maggiore<\/p>\n<p style=\"text-align: center;\"><em>Grave, Allegro, Grave, (Allegro)<\/em><\/p>\n<p style=\"text-align: center;\">\n<p style=\"text-align: center;\">GIOVANNI BONONCINI (1670-1747)<\/p>\n<p style=\"text-align: center;\"><em>Ms. Biblioth\u00e8que nationale de France<\/em><\/p>\n<p style=\"text-align: center;\">\u201cLuci siete pur quelle\u201d<\/p>\n<p style=\"text-align: center;\">cantata per contralto e basso continuo<\/p>\n<p style=\"text-align: center;\">\n<p style=\"text-align: center;\">TOMMASO ANTONIO VITALI (1663-1745)<\/p>\n<p style=\"text-align: center;\"><em>Concerti di sonate a Violino, Violoncello e Cembalo Op.4 12 (1701)<\/em><\/p>\n<p style=\"text-align: center;\"><em>Sonata settima op IV a violino, violoncello e basso continuo<\/em><\/p>\n<p style=\"text-align: center;\"><em>Allemanda, Grave, Allegro assai, Giga<\/em><\/p>\n<p style=\"text-align: center;\">\n<p style=\"text-align: center;\">GIOVANNI BONONCINI<\/p>\n<p style=\"text-align: center;\"><em>Ms. Genova, Biblioteca del Conservatorio Statale di Musica &#8220;N. Paganini&#8221;<\/em><\/p>\n<p style=\"text-align: center;\">\u201cImpara a non dar fede\u201d<\/p>\n<p style=\"text-align: center;\">cantata per contralto e basso continuo<\/p>\n<p style=\"text-align: center;\">\n<p style=\"text-align: center;\">TOMMASO ANTONIO VITALI<\/p>\n<p style=\"text-align: center;\"><em>Concerti di sonate a Violino, Violoncello e Cembalo Op.4 12 (1701)<\/em><\/p>\n<p style=\"text-align: center;\">Sonata duodecima op IV \u201cFollia\u201d a violino, violoncello e basso continuo<\/p>\n<p style=\"text-align: center;\">\n<p style=\"text-align: center;\">GIOVANNI BONONCINI<\/p>\n<p style=\"text-align: center;\"><em>da \u201cLa gara delle quattro stagioni\u201d,<\/em><\/p>\n<p style=\"text-align: center;\"><em>serenata per la nascit\u00e0 della Maest\u00e0 della regina de\u2019 Romani<\/em><\/p>\n<p style=\"text-align: center;\"><em>eseguita il 21-05-1699 a Vienna. (Ms. Modena Biblioteca Estense)<\/em><\/p>\n<p style=\"text-align: center;\">\u201cQuando il nettare s\u00f9 le sfere\u201d (<em>Autunno<\/em>)<\/p>\n<p style=\"text-align: center;\">\u201cPugni il merto\u201d (<em>Primavera<\/em>)<\/p>\n<p style=\"text-align: center;\">\u201cDa m\u00e8 solo il mortale\u201d (<em>Primavera<\/em>)<\/p>\n<p>&nbsp;<\/p>\n<p>&nbsp;<\/p>\n","protected":false},"excerpt":{"rendered":"<p>Mercoled\u00ec 25 ottobre MODENA\u00a0ore 20.30 Galleria Estense LA GARA DELLE QUATTRO STAGIONI Sonate e cantate fra &#8216;600 e &#8216;700 Maria Chiara Gallo\u00a0contralto Ensemble Francesco d&#8217;Este Giovanni Paganelli clavicembalo Alessandro Ciccolini [&hellip;]<\/p>\n","protected":false},"author":3,"featured_media":3871,"comment_status":"closed","ping_status":"closed","sticky":false,"template":"","format":"standard","meta":{"footnotes":""},"categories":[692],"tags":[152,153,92,93,154],"class_list":["post-2697","post","type-post","status-publish","format-standard","has-post-thumbnail","hentry","category-news","tag-alessandro-ciccolini","tag-ensemble-francesco-deste","tag-festival-2017","tag-giovanni-paganelli","tag-maria-chiara-gallo"],"_links":{"self":[{"href":"https:\/\/www.grandezzemeraviglie.it\/it\/wp-json\/wp\/v2\/posts\/2697","targetHints":{"allow":["GET"]}}],"collection":[{"href":"https:\/\/www.grandezzemeraviglie.it\/it\/wp-json\/wp\/v2\/posts"}],"about":[{"href":"https:\/\/www.grandezzemeraviglie.it\/it\/wp-json\/wp\/v2\/types\/post"}],"author":[{"embeddable":true,"href":"https:\/\/www.grandezzemeraviglie.it\/it\/wp-json\/wp\/v2\/users\/3"}],"replies":[{"embeddable":true,"href":"https:\/\/www.grandezzemeraviglie.it\/it\/wp-json\/wp\/v2\/comments?post=2697"}],"version-history":[{"count":1,"href":"https:\/\/www.grandezzemeraviglie.it\/it\/wp-json\/wp\/v2\/posts\/2697\/revisions"}],"predecessor-version":[{"id":12675,"href":"https:\/\/www.grandezzemeraviglie.it\/it\/wp-json\/wp\/v2\/posts\/2697\/revisions\/12675"}],"wp:featuredmedia":[{"embeddable":true,"href":"https:\/\/www.grandezzemeraviglie.it\/it\/wp-json\/wp\/v2\/media\/3871"}],"wp:attachment":[{"href":"https:\/\/www.grandezzemeraviglie.it\/it\/wp-json\/wp\/v2\/media?parent=2697"}],"wp:term":[{"taxonomy":"category","embeddable":true,"href":"https:\/\/www.grandezzemeraviglie.it\/it\/wp-json\/wp\/v2\/categories?post=2697"},{"taxonomy":"post_tag","embeddable":true,"href":"https:\/\/www.grandezzemeraviglie.it\/it\/wp-json\/wp\/v2\/tags?post=2697"}],"curies":[{"name":"wp","href":"https:\/\/api.w.org\/{rel}","templated":true}]}}