{"id":4207,"date":"2018-08-21T07:52:55","date_gmt":"2018-08-21T07:52:55","guid":{"rendered":"https:\/\/www.grandezzemeraviglie.it\/?p=4207"},"modified":"2025-01-21T11:19:29","modified_gmt":"2025-01-21T10:19:29","slug":"la-citta-delle-dame-24-agosto","status":"publish","type":"post","link":"https:\/\/www.grandezzemeraviglie.it\/it\/la-citta-delle-dame-24-agosto\/","title":{"rendered":"Festival Grandezze &#038; Meraviglie 2018 &#8211; Anteprima @Semelano (Montese) &#8211; La Citt\u00e0 delle Dame &#8211; 24 agosto"},"content":{"rendered":"<p>&nbsp;<\/p>\n<p>&nbsp;<\/p>\n<p style=\"text-align: center;\"><strong>Venerd\u00ec 24 agosto ore 21 &#8211; ingresso libero<\/strong><\/p>\n<p style=\"text-align: center;\">SEMELANO (Montese)<\/p>\n<p style=\"text-align: center;\">Chiese dei Santi Pietro e Paolo<\/p>\n<p style=\"text-align: center;\">\n<p style=\"text-align: center;\"><strong>LA CITT\u00c0 DELLE DAME:<\/strong><br \/>\n<strong>Ovvero la storia di Cristina da Pizzano<\/strong><\/p>\n<p style=\"text-align: center;\">Ricordando Mirco Caffagni<\/p>\n<p style=\"text-align: center;\">\n<p style=\"text-align: center;\">Claudia Caffagni voce, liuto, salterio;<\/p>\n<p style=\"text-align: center;\">Livia Caffagni flauti, viella;<\/p>\n<p style=\"text-align: center;\">Paola Erdas clavisimbalum, voce narrante<\/p>\n<p style=\"text-align: center;\">\n<p style=\"text-align: center;\">Una storia che narra come l\u2019amore sia sempre vincitore, l\u2019amore per l\u2019arte, per il sapere, per il proprio essere donna, per la propria famiglia, per il proprio uomo, per il proprio credo religioso. Le sorelle Caffagni e Paola Erdas ricreano in musica e in poesia la figura della prima donna che visse del proprio lavoro di scrittrice, attraverso le musiche del suo tempo, degli autori che ella stessa amava: Cristina da Pizzano (1365 \u2013 1430 circa), veneziana di nascita, accolta in Francia con la sua famiglia, chiamata alla corte del Re Carlo V il saggio. Una femminista ante litteram che esercit\u00f2 il suo credo senza astio, senza forzature, piena di una grazia e una abilit\u00e0 straordinarie che le permisero di conquistarsi a dispetto delle difficolt\u00e0 un posto di importanza e rispetto da parte dei grandi del tempo. Le musiche sono di du Fay, Binchois, de Machaut, Landini e anonimi italiani e francesi.<\/p>\n","protected":false},"excerpt":{"rendered":"<p>&nbsp; &nbsp; Venerd\u00ec 24 agosto ore 21 &#8211; ingresso libero SEMELANO (Montese) Chiese dei Santi Pietro e Paolo LA CITT\u00c0 DELLE DAME: Ovvero la storia di Cristina da Pizzano Ricordando [&hellip;]<\/p>\n","protected":false},"author":2,"featured_media":4180,"comment_status":"closed","ping_status":"closed","sticky":false,"template":"","format":"standard","meta":{"footnotes":""},"categories":[692],"tags":[192,69,70,122,98],"class_list":["post-4207","post","type-post","status-publish","format-standard","has-post-thumbnail","hentry","category-news","tag-concerto","tag-festival-musicale-estense","tag-grandezze-meraviglie","tag-musica-antica","tag-semelano-montese"],"_links":{"self":[{"href":"https:\/\/www.grandezzemeraviglie.it\/it\/wp-json\/wp\/v2\/posts\/4207","targetHints":{"allow":["GET"]}}],"collection":[{"href":"https:\/\/www.grandezzemeraviglie.it\/it\/wp-json\/wp\/v2\/posts"}],"about":[{"href":"https:\/\/www.grandezzemeraviglie.it\/it\/wp-json\/wp\/v2\/types\/post"}],"author":[{"embeddable":true,"href":"https:\/\/www.grandezzemeraviglie.it\/it\/wp-json\/wp\/v2\/users\/2"}],"replies":[{"embeddable":true,"href":"https:\/\/www.grandezzemeraviglie.it\/it\/wp-json\/wp\/v2\/comments?post=4207"}],"version-history":[{"count":2,"href":"https:\/\/www.grandezzemeraviglie.it\/it\/wp-json\/wp\/v2\/posts\/4207\/revisions"}],"predecessor-version":[{"id":12648,"href":"https:\/\/www.grandezzemeraviglie.it\/it\/wp-json\/wp\/v2\/posts\/4207\/revisions\/12648"}],"wp:featuredmedia":[{"embeddable":true,"href":"https:\/\/www.grandezzemeraviglie.it\/it\/wp-json\/wp\/v2\/media\/4180"}],"wp:attachment":[{"href":"https:\/\/www.grandezzemeraviglie.it\/it\/wp-json\/wp\/v2\/media?parent=4207"}],"wp:term":[{"taxonomy":"category","embeddable":true,"href":"https:\/\/www.grandezzemeraviglie.it\/it\/wp-json\/wp\/v2\/categories?post=4207"},{"taxonomy":"post_tag","embeddable":true,"href":"https:\/\/www.grandezzemeraviglie.it\/it\/wp-json\/wp\/v2\/tags?post=4207"}],"curies":[{"name":"wp","href":"https:\/\/api.w.org\/{rel}","templated":true}]}}