{"id":4460,"date":"2018-09-10T14:18:58","date_gmt":"2018-09-10T14:18:58","guid":{"rendered":"https:\/\/www.grandezzemeraviglie.it\/?p=4460"},"modified":"2025-01-21T11:19:28","modified_gmt":"2025-01-21T10:19:28","slug":"santa-editta-sassuolo-palazzo-ducale-18-settembre-ore-20-30-festival-grandezze-meraviglie","status":"publish","type":"post","link":"https:\/\/www.grandezzemeraviglie.it\/it\/santa-editta-sassuolo-palazzo-ducale-18-settembre-ore-20-30-festival-grandezze-meraviglie\/","title":{"rendered":"Santa Editta &#8211; @Sassuolo, Palazzo Ducale &#8211; 18 settembre ore 20.30 &#8211; Festival Grandezze &#038; Meraviglie"},"content":{"rendered":"<p>&nbsp;<\/p>\n<p style=\"text-align: center;\"><a href=\"https:\/\/srvticket.tm.bestunion.com\/biglietteria\/cercaPostiPub.do?idEvento=17754\" target=\"_blank\" rel=\"noopener noreferrer\"><strong>clicca qui per acquistare i biglietti!<\/strong><\/a><\/p>\n<p style=\"text-align: center;\"><strong>Marted\u00ec 18 settembre ore 20.30<\/strong><\/p>\n<p style=\"text-align: center;\">SASSUOLO<\/p>\n<p style=\"text-align: center;\">Palazzo Ducale<\/p>\n<p style=\"text-align: center;\"><em>In collaborazione con Festival Barocco Alessandro Stradella<\/em><\/p>\n<p>&nbsp;<\/p>\n<p style=\"text-align: center;\"><strong>SANTA EDITTA<\/strong><\/p>\n<p style=\"text-align: center;\"><strong>Vergine e monaca, Regina d&#8217;Inghilterra<\/strong><\/p>\n<p style=\"text-align: center;\"><strong>Oratorio di Alessandro Stradella<\/strong><\/p>\n<p style=\"text-align: center;\">SANTA EDITTA Cristina Fanelli;<\/p>\n<p style=\"text-align: center;\">HUMILTA\u2019, NOBILTA\u2019 Paola V. Molinari;<\/p>\n<p style=\"text-align: center;\">GRANDEZZA Chiara Brunello;<\/p>\n<p style=\"text-align: center;\">BELLEZZA Leopoldo Punziano;<\/p>\n<p style=\"text-align: center;\">SENSO Andrej Lenart<\/p>\n<p style=\"text-align: center;\">Stradella Y-Project<\/p>\n<p style=\"text-align: center;\"><em>Direzione<\/em> Andrea De Carlo<\/p>\n<p style=\"text-align: center;\">\n<p style=\"text-align: center;\">Fa parte del progetto pluriennale con lo Stradella Festival, per la riscoperta e riproposta delle composizioni del musicista di cui la Biblioteca Estense detiene la maggior parte dell\u2019opera. Questo oratorio vide due esecuzioni modenesi nel 1684 e 1692 presso l\u2019Oratorio di San Carlino Rotondo. La figura, di Edith di Wilton (961-984) preso in giovane et\u00e0 il velo rifiuta di diventare Badessa e successivamente, offertole il trono inglese, lo rifiut\u00f2. Nonostante questo in vita am\u00f2 il lusso e ai rimproveri del vescovo di Winchester rispose che solo Dio poteva giudicare le sue azioni e di guardare oltre le apparenze. Fu fatta santa per volont\u00e0 del fratellastro.<\/p>\n","protected":false},"excerpt":{"rendered":"<p>&nbsp; clicca qui per acquistare i biglietti! Marted\u00ec 18 settembre ore 20.30 SASSUOLO Palazzo Ducale In collaborazione con Festival Barocco Alessandro Stradella &nbsp; SANTA EDITTA Vergine e monaca, Regina d&#8217;Inghilterra [&hellip;]<\/p>\n","protected":false},"author":2,"featured_media":4461,"comment_status":"closed","ping_status":"closed","sticky":false,"template":"","format":"standard","meta":{"footnotes":""},"categories":[692],"tags":[197,69,70,149,217],"class_list":["post-4460","post","type-post","status-publish","format-standard","has-post-thumbnail","hentry","category-news","tag-festival-2018","tag-festival-musicale-estense","tag-grandezze-meraviglie","tag-palazzo-ducale-sassuolo","tag-sassuolo"],"_links":{"self":[{"href":"https:\/\/www.grandezzemeraviglie.it\/it\/wp-json\/wp\/v2\/posts\/4460","targetHints":{"allow":["GET"]}}],"collection":[{"href":"https:\/\/www.grandezzemeraviglie.it\/it\/wp-json\/wp\/v2\/posts"}],"about":[{"href":"https:\/\/www.grandezzemeraviglie.it\/it\/wp-json\/wp\/v2\/types\/post"}],"author":[{"embeddable":true,"href":"https:\/\/www.grandezzemeraviglie.it\/it\/wp-json\/wp\/v2\/users\/2"}],"replies":[{"embeddable":true,"href":"https:\/\/www.grandezzemeraviglie.it\/it\/wp-json\/wp\/v2\/comments?post=4460"}],"version-history":[{"count":1,"href":"https:\/\/www.grandezzemeraviglie.it\/it\/wp-json\/wp\/v2\/posts\/4460\/revisions"}],"predecessor-version":[{"id":12639,"href":"https:\/\/www.grandezzemeraviglie.it\/it\/wp-json\/wp\/v2\/posts\/4460\/revisions\/12639"}],"wp:featuredmedia":[{"embeddable":true,"href":"https:\/\/www.grandezzemeraviglie.it\/it\/wp-json\/wp\/v2\/media\/4461"}],"wp:attachment":[{"href":"https:\/\/www.grandezzemeraviglie.it\/it\/wp-json\/wp\/v2\/media?parent=4460"}],"wp:term":[{"taxonomy":"category","embeddable":true,"href":"https:\/\/www.grandezzemeraviglie.it\/it\/wp-json\/wp\/v2\/categories?post=4460"},{"taxonomy":"post_tag","embeddable":true,"href":"https:\/\/www.grandezzemeraviglie.it\/it\/wp-json\/wp\/v2\/tags?post=4460"}],"curies":[{"name":"wp","href":"https:\/\/api.w.org\/{rel}","templated":true}]}}