{"id":5861,"date":"2019-08-22T13:46:00","date_gmt":"2019-08-22T13:46:00","guid":{"rendered":"https:\/\/www.grandezzemeraviglie.it\/?p=5861"},"modified":"2025-01-21T11:19:25","modified_gmt":"2025-01-21T10:19:25","slug":"la-catena-d-adone","status":"publish","type":"post","link":"https:\/\/www.grandezzemeraviglie.it\/it\/la-catena-d-adone\/","title":{"rendered":"LA CATENA D&#8217;ADONE &#8211; 8 settembre ore 20 &#8211; Grandezze &#038; Meraviglie 2019"},"content":{"rendered":"\r\n<p>&nbsp;<\/p>\r\n<p style=\"text-align: center;\"><a href=\"https:\/\/srvticket.tm.bestunion.com\/biglietteria\/cercaPostiPub.do;jsessionid=032980BF849EA2742638473AB324B518?idEvento=20508&amp;fbclid=IwAR0NLHiEB0DMGRY2kmx4-S5ahaEuCqWjsDu7ReBj_yAk695iFm4VmRlA4Jc\" target=\"_blank\" rel=\"noopener noreferrer\"><strong>Clicca qui per acquistare i biglietti!<\/strong><\/a><\/p>\r\n<p style=\"text-align: center;\"><strong><br \/>Domenica 8 settembre, ore 20:00<\/strong><\/p>\r\n<p style=\"text-align: center;\">MODENA<\/p>\r\n<p style=\"text-align: center;\">Chiesa di San Carlo<br \/><br \/><strong>LA CATENA D\u2019ADONE 1626<\/strong><br \/>Favola boschereccia in 5 atti<br \/>di DOMENICO MAZZOCCHI<br \/>libretto di OTTAVIO TRONSARELLI da GIOVAN BATTISTA MARINO<br \/><br \/>ADONE Enrico Torre <em>controtenore<\/em>, APOLLO Roberto Rilievi <em>tenore<\/em>, FALSIRENA Elena Pinna <em>soprano, <\/em>IDONIA Giulia Manzini <em>soprano<\/em>, ORASPE Roberto Rilievi <em>tenore<\/em>, ARSETE Niccol\u00f2 Roda <em>basso<\/em><br \/>PLUTONE Guglielmo Buonsanti <em>basso<\/em>, VENERE Ilenia Lucci <em>soprano<\/em>, AMORE Giovanna Gallelli <em>soprano, <\/em>ECO Angelo Testori tenore, NINFA I Linda Scaramelli soprano, NINFA II Letizia Egaddi soprano, NINFA III Martha Rook soprano, PASTORE I \/ CICLOPE I Angelo Testori tenore<br \/>PASTORE II \/ CICLOPE II Alfio Fricano tenore, PASTORE III \/ CICLOPE III Lorenzo Tosi<em> basso<\/em><br \/>BALLARINI Davide Vecchi, Sara Benvenuti<br \/><br \/>Cappella Musicale di San Petronio, Michele Vannelli <em>direzione<\/em><br \/><em>Preparazione delle voci <\/em>Gloria Banditelli,<br \/><em>Regia e costumi <\/em>Alberto Allegrezza<br \/><em>Coreografie<\/em> Davide Vecchi<\/p>\r\n<p style=\"text-align: center;\"><em><span style=\"font-size: 10pt;\">In coproduzione con la Fondazione Rocca dei Bentivoglio<br \/><\/span><\/em><span style=\"font-size: 10pt;\"><em>In collaborazione con Modena Citt\u00e0 del Belcanto<br \/><br \/><\/em><\/span><\/p>\r\n<p style=\"text-align: center;\"><a href=\"https:\/\/www.grandezzemeraviglie.it\/wp-content\/uploads\/2019\/10\/09-08_locandina.pdf\" target=\"_blank\" rel=\"noopener noreferrer\">PROGRAMMA DEL CONCERTO<\/a><\/p>\r\n<p style=\"text-align: center;\">Nel 450\u00b0 anniversario della nascita di Giovan Battista Marino (1569-1625), il maggior poeta del Seicento italiano, il Festival, in collaborazione con la rassegna Chiese Corti e Cortili, propone l&#8217;allestimento di un&#8217;opera rara, frutto squisito della prima stagione del teatro musicale. Protagonisti saranno la musica, la parola, i gesti e i costumi e i balli, al centro della magia capace di risuscitare il capolavoro del barocco.<\/p>\r\n<p style=\"text-align: center;\">Il protagonista \u00e8 Adone, il bel cacciatore giovinetto amato da Venere, la dea della Bellezza che a causa sua ingelosisce di Marte. La Favola boschereccia \u00e8 musicata da Domenico Mazzocchi (1592-1665) e creata a Roma nel 1626. Ottavio Tronsarelli ricava la \u201csceneggiatura\u201d dai canti XII-XIII dell&#8217;Adone di Giovan Battista Marino.<br \/>L&#8217;opera \u00e8 un vero capolavoro del barocco, ricca di chiaroscuro, efficacia drammatica, sensualit\u00e0, grazie a caratteri ben delineati: un vero \u201cteatro degli affetti\u201d. Ai momenti di disperazione, impertinenza, concitazione, erotismo, si aggiungono interventi del doppio coro come nella tragedia antica. La ricchezza strumentale aggiunge colori e sostegno a un&#8217;opera unica nel suo genere. <br \/>La favola si incentra sulle disavventure del povero Adone, che per sfuggire alla gelosia di Marte, trova riparo in una selva dove per\u00f2 la maga Falsirena tenta di sedurlo e lo incatena catena ricevuta da Vulcano, per trattenerlo a forza. Adone per\u00f2 non accetta le lusinghe riesce a svelare a Plutone il proprio amore per Venere. Falsirena si traveste da Venere e a un certo punto se ne trover\u00e0 due davanti, ma quella vera riuscir\u00e0 a farsi riconoscere e punir\u00e0 Falsirena facendola incatenare ad una roccia. L&#8217;opera si conclude con il trionfo dei due innamorati.<\/p>\r\n<p>&nbsp;<\/p>\r\n","protected":false},"excerpt":{"rendered":"","protected":false},"author":2,"featured_media":5659,"comment_status":"closed","ping_status":"closed","sticky":false,"template":"","format":"standard","meta":{"footnotes":""},"categories":[692],"tags":[242,189,70],"class_list":["post-5861","post","type-post","status-publish","format-standard","has-post-thumbnail","hentry","category-news","tag-chiesa-di-san-carlo","tag-fondazione-rocca-dei-bentivoglio","tag-grandezze-meraviglie"],"_links":{"self":[{"href":"https:\/\/www.grandezzemeraviglie.it\/it\/wp-json\/wp\/v2\/posts\/5861","targetHints":{"allow":["GET"]}}],"collection":[{"href":"https:\/\/www.grandezzemeraviglie.it\/it\/wp-json\/wp\/v2\/posts"}],"about":[{"href":"https:\/\/www.grandezzemeraviglie.it\/it\/wp-json\/wp\/v2\/types\/post"}],"author":[{"embeddable":true,"href":"https:\/\/www.grandezzemeraviglie.it\/it\/wp-json\/wp\/v2\/users\/2"}],"replies":[{"embeddable":true,"href":"https:\/\/www.grandezzemeraviglie.it\/it\/wp-json\/wp\/v2\/comments?post=5861"}],"version-history":[{"count":1,"href":"https:\/\/www.grandezzemeraviglie.it\/it\/wp-json\/wp\/v2\/posts\/5861\/revisions"}],"predecessor-version":[{"id":12601,"href":"https:\/\/www.grandezzemeraviglie.it\/it\/wp-json\/wp\/v2\/posts\/5861\/revisions\/12601"}],"wp:featuredmedia":[{"embeddable":true,"href":"https:\/\/www.grandezzemeraviglie.it\/it\/wp-json\/wp\/v2\/media\/5659"}],"wp:attachment":[{"href":"https:\/\/www.grandezzemeraviglie.it\/it\/wp-json\/wp\/v2\/media?parent=5861"}],"wp:term":[{"taxonomy":"category","embeddable":true,"href":"https:\/\/www.grandezzemeraviglie.it\/it\/wp-json\/wp\/v2\/categories?post=5861"},{"taxonomy":"post_tag","embeddable":true,"href":"https:\/\/www.grandezzemeraviglie.it\/it\/wp-json\/wp\/v2\/tags?post=5861"}],"curies":[{"name":"wp","href":"https:\/\/api.w.org\/{rel}","templated":true}]}}